{"id":1004,"date":"2025-03-05T20:37:59","date_gmt":"2025-03-05T20:37:59","guid":{"rendered":"https:\/\/sommamato.com\/?p=1004"},"modified":"2025-03-05T20:38:00","modified_gmt":"2025-03-05T20:38:00","slug":"cifra-record-de-alumnos-en-los-jardines-maternales-y-centros-de-apoyo-escolar-de-bodega-santa-julia","status":"publish","type":"post","link":"https:\/\/sommamato.com\/?p=1004","title":{"rendered":"Cifra r\u00e9cord de alumnos en los jardines maternales y centros de apoyo escolar de Bodega Santa Julia"},"content":{"rendered":"\n<p class=\"has-text-align-center\"><strong>Cifra r\u00e9cord de alumnos en los jardines maternales y centros de apoyo escolar de Bodega Santa Julia<\/strong><\/p>\n\n\n\n<p class=\"has-text-align-center\"><em><strong>Noventa y cuatro ni\u00f1os y ni\u00f1as han iniciado el ciclo lectivo 2025 en los centros educativos de nivel inicial que dependen de la bodega mendocina.<\/strong><\/em><\/p>\n\n\n\n<p>Se trata de una cifra r\u00e9cord que transparenta el compromiso de Familia Zuccardi con la educaci\u00f3n; uno de pilares de su filosof\u00eda de sostenibilidad y compromiso con un futuro equitativo, \u00e9tico, pr\u00f3spero y respetuoso con el medio ambiente. Del total de la matr\u00edcula, 56 alumnos y alumnas concurren al jard\u00edn maternal y centro de apoyo educativo ubicado en Santa Rosa, mientras que los restantes 38 lo hacen al localizado en Maip\u00fa.<\/p>\n\n\n<div class=\"wp-block-image\">\n<figure class=\"aligncenter size-large is-resized\"><img loading=\"lazy\" decoding=\"async\" width=\"1024\" height=\"768\" src=\"https:\/\/sommamato.com\/wp-content\/uploads\/2025\/03\/e8640cd5-d263-452e-9fd8-96eab5bbbf5a-1024x768.jpg\" alt=\"\" class=\"wp-image-1005\" style=\"width:312px;height:auto\" srcset=\"https:\/\/sommamato.com\/wp-content\/uploads\/2025\/03\/e8640cd5-d263-452e-9fd8-96eab5bbbf5a-1024x768.jpg 1024w, https:\/\/sommamato.com\/wp-content\/uploads\/2025\/03\/e8640cd5-d263-452e-9fd8-96eab5bbbf5a-300x225.jpg 300w, https:\/\/sommamato.com\/wp-content\/uploads\/2025\/03\/e8640cd5-d263-452e-9fd8-96eab5bbbf5a-768x576.jpg 768w, https:\/\/sommamato.com\/wp-content\/uploads\/2025\/03\/e8640cd5-d263-452e-9fd8-96eab5bbbf5a-1536x1152.jpg 1536w, https:\/\/sommamato.com\/wp-content\/uploads\/2025\/03\/e8640cd5-d263-452e-9fd8-96eab5bbbf5a-2048x1536.jpg 2048w\" sizes=\"auto, (max-width: 1024px) 100vw, 1024px\" \/><\/figure>\n<\/div>\n\n\n<p>Santa Julia dispone de dos espacios educativos, jard\u00edn maternal y centro de apoyo educativo en sus fincas de Maip\u00fa y Santa Rosa. Ambos est\u00e1n destinados para ni\u00f1os de 45 d\u00edas a 12 a\u00f1os. A diferencia de otros centros, se caracterizan por brindar el servicio educativo durante todo el a\u00f1o, ya que est\u00e1n destinados a contener a hijos de trabajadores de zonas rurales, no s\u00f3lo de le empresa sino tambi\u00e9n de la comunidad. Los establecimientos est\u00e1n regidos y avalados por la Direcci\u00f3n General de Escuelas de Mendoza y se encuentran bajo el programa \u201cBuena Cosecha\u201d, con el fin de trabajar en conjunto con Municipalidad y Gobierno Provincial en su desarrollo.<\/p>\n\n\n<div class=\"wp-block-image\">\n<figure class=\"aligncenter size-large is-resized\"><img loading=\"lazy\" decoding=\"async\" width=\"768\" height=\"1024\" src=\"https:\/\/sommamato.com\/wp-content\/uploads\/2025\/03\/6-768x1024.jpeg\" alt=\"\" class=\"wp-image-1006\" style=\"width:294px;height:auto\" srcset=\"https:\/\/sommamato.com\/wp-content\/uploads\/2025\/03\/6-768x1024.jpeg 768w, https:\/\/sommamato.com\/wp-content\/uploads\/2025\/03\/6-225x300.jpeg 225w, https:\/\/sommamato.com\/wp-content\/uploads\/2025\/03\/6.jpeg 960w\" sizes=\"auto, (max-width: 768px) 100vw, 768px\" \/><\/figure>\n<\/div>\n\n\n<p>\u201cEstamos muy felices de que el comienzo de este nuevo ciclo escolar nos encuentre con tantos ni\u00f1os y ni\u00f1as asistiendo a nuestros Jardines. Hijos de colaboradores de todas las \u00e1reas de la empresa se encuentran y comparten el inicio de su formaci\u00f3n escolar cerca nuestro. Este hecho social y educativo es uno de los pilares de nuestro lema \u201cNO NOS DA LO MISMO\u201d, que tiene a la sostenibilidad como el motor que impulsa nuestro compromiso con un futuro equitativo, \u00e9tico, pr\u00f3spero y respetuoso con el medio ambiente\u201d, indica Julia Zuccardi.<\/p>\n\n\n<div class=\"wp-block-image\">\n<figure class=\"aligncenter size-large is-resized\"><img loading=\"lazy\" decoding=\"async\" width=\"771\" height=\"1024\" src=\"https:\/\/sommamato.com\/wp-content\/uploads\/2025\/03\/2-771x1024.jpeg\" alt=\"\" class=\"wp-image-1008\" style=\"width:325px;height:auto\" srcset=\"https:\/\/sommamato.com\/wp-content\/uploads\/2025\/03\/2-771x1024.jpeg 771w, https:\/\/sommamato.com\/wp-content\/uploads\/2025\/03\/2-226x300.jpeg 226w, https:\/\/sommamato.com\/wp-content\/uploads\/2025\/03\/2-768x1021.jpeg 768w, https:\/\/sommamato.com\/wp-content\/uploads\/2025\/03\/2-1156x1536.jpeg 1156w, https:\/\/sommamato.com\/wp-content\/uploads\/2025\/03\/2.jpeg 1204w\" sizes=\"auto, (max-width: 771px) 100vw, 771px\" \/><\/figure>\n<\/div>\n\n\n<p>Santa Julia cuenta con 400 hect\u00e1reas certificadas como vi\u00f1edos org\u00e1nicos, produce 10.000 toneladas de compost por a\u00f1o, y desde hace m\u00e1s de medio siglo apuesta al desarrollo local. Adem\u00e1s de los jardines maternales y centros de apoyo escolar, la bodega dispone de varios espacios culturales y deportivos abiertos a la comunidad, talleres de costura para las esposas de los trabajadores y dos Centros Educativos de Nivel Secundario (CENS) que tambi\u00e9n impulsa junto a la Direcci\u00f3n General de Escuelas del Gobierno de Mendoza.<\/p>\n\n\n\n<p>Acerca de Santa Julia\u00a0<\/p>\n\n\n\n<p>Santa Julia es una bodega argentina comprometida con la calidad y la innovaci\u00f3n. Nacida en el a\u00f1o 1996, es una de las principales marcas de vino en Argentina. Creada en honor a la \u00fanica hija de Jos\u00e9 Zuccardi, es prueba de la dedicaci\u00f3n, pasi\u00f3n y energ\u00eda creadora de quienes la integran. Desde el trabajo en el vi\u00f1edo y en cada una de las etapas de elaboraci\u00f3n, Bodega Santa Julia tiene un claro compromiso con el desarrollo sostenible, aplicando procesos que reduzcan el impacto en el medio ambiente y potenciando el desarrollo de las comunidades que la conforman.\u00a0<\/p>\n\n\n\n<p><a href=\"https:\/\/santajulia.com.ar\/\">https:\/\/santajulia.com.ar\/<\/a><\/p>\n","protected":false},"excerpt":{"rendered":"<p>Cifra r\u00e9cord de alumnos en los jardines maternales y centros de apoyo escolar de Bodega Santa Julia Noventa y cuatro ni\u00f1os y ni\u00f1as han iniciado el ciclo lectivo 2025 en&#8230;<\/p>\n","protected":false},"author":1,"featured_media":0,"comment_status":"open","ping_status":"open","sticky":false,"template":"","format":"standard","meta":{"footnotes":""},"categories":[268],"tags":[271,270],"class_list":["post-1004","post","type-post","status-publish","format-standard","hentry","category-bodega-santa-julia-2","tag-bodega-santa-julia","tag-educacion"],"_links":{"self":[{"href":"https:\/\/sommamato.com\/index.php?rest_route=\/wp\/v2\/posts\/1004","targetHints":{"allow":["GET"]}}],"collection":[{"href":"https:\/\/sommamato.com\/index.php?rest_route=\/wp\/v2\/posts"}],"about":[{"href":"https:\/\/sommamato.com\/index.php?rest_route=\/wp\/v2\/types\/post"}],"author":[{"embeddable":true,"href":"https:\/\/sommamato.com\/index.php?rest_route=\/wp\/v2\/users\/1"}],"replies":[{"embeddable":true,"href":"https:\/\/sommamato.com\/index.php?rest_route=%2Fwp%2Fv2%2Fcomments&post=1004"}],"version-history":[{"count":1,"href":"https:\/\/sommamato.com\/index.php?rest_route=\/wp\/v2\/posts\/1004\/revisions"}],"predecessor-version":[{"id":1009,"href":"https:\/\/sommamato.com\/index.php?rest_route=\/wp\/v2\/posts\/1004\/revisions\/1009"}],"wp:attachment":[{"href":"https:\/\/sommamato.com\/index.php?rest_route=%2Fwp%2Fv2%2Fmedia&parent=1004"}],"wp:term":[{"taxonomy":"category","embeddable":true,"href":"https:\/\/sommamato.com\/index.php?rest_route=%2Fwp%2Fv2%2Fcategories&post=1004"},{"taxonomy":"post_tag","embeddable":true,"href":"https:\/\/sommamato.com\/index.php?rest_route=%2Fwp%2Fv2%2Ftags&post=1004"}],"curies":[{"name":"wp","href":"https:\/\/api.w.org\/{rel}","templated":true}]}}