{"id":1052,"date":"2025-03-22T01:05:01","date_gmt":"2025-03-22T01:05:01","guid":{"rendered":"https:\/\/sommamato.com\/?p=1052"},"modified":"2025-03-22T01:05:02","modified_gmt":"2025-03-22T01:05:02","slug":"temporada-baja-en-la-rioja-historia-naturaleza-y-aventura-en-un-destino-imperdible","status":"publish","type":"post","link":"https:\/\/sommamato.com\/?p=1052","title":{"rendered":"Temporada baja en La Rioja: historia, naturaleza y aventura en un destino imperdible"},"content":{"rendered":"\n<p>La temporada baja ofrece una oportunidad \u00fanica para disfrutar de la provincia en un marco de tranquilidad, con temperaturas agradables y propuestas que combinan naturaleza, historia y cultura. Adem\u00e1s del reconocido&nbsp;<strong>Parque Nacional Talampaya<\/strong>, Patrimonio de la Humanidad y una de las Maravillas Naturales de Argentina, la provincia invita a recorrer otros destinos imperdibles.<\/p>\n\n\n\n<p><em>\u201cLa Rioja es una de las provincias que m\u00e1s ha crecido en materia tur\u00edstica en los \u00faltimos a\u00f1os. Y no lo digo yo, sino que lo confirman los n\u00fameros y estad\u00edsticas. Cada vez m\u00e1s gente viene a conocer los muchos puntos tur\u00edsticos, con el Parque Talampaya como el m\u00e1s emblem\u00e1tico, pero con sitios \u00fanicos como Laguna Brava, Mina La Mejicana, el Cablecarril y muchos otros atractivos\u201d<\/em>, destaca&nbsp;<strong>Jos\u00e9 Rosa, secretario de Turismo provincial<\/strong>.<\/p>\n\n\n\n<h3 class=\"wp-block-heading\"><strong><u>Aventura y paisajes \u00fanicos<\/u><\/strong><\/h3>\n\n\n\n<p>Quienes buscan experiencias en contacto con la naturaleza pueden visitar la&nbsp;<strong>Laguna Brava<\/strong>, un sitio RAMSAR ubicado a 4500 msnm, rodeado de monta\u00f1as y hogar de flamencos y otras especies protegidas. Para los m\u00e1s aventureros, el&nbsp;<strong>Cr\u00e1ter Corona del Inca<\/strong>, a 5500 msnm, ofrece un escenario imponente de aguas cristalinas entre glaciares y cumbres andinas.<\/p>\n\n\n\n<p>Otra opci\u00f3n es recorrer&nbsp;<strong>Chilecito<\/strong>, una de las ciudades m\u00e1s importantes de la provincia, ubicada en el&nbsp;<strong>Valle Antinaco-Los Colorados<\/strong>, entre la sierra de&nbsp;<strong>Velasco<\/strong>&nbsp;y la sierra de&nbsp;<strong>Famatina<\/strong>. Su historia minera se refleja en el&nbsp;<strong>Cable Carril<\/strong>, una obra de ingenier\u00eda \u00fanica en el mundo, mientras que su entorno natural invita a realizar senderismo, cabalgatas y visitas a bodegas.<\/p>\n\n\n\n<p>A pocos kil\u00f3metros, la localidad de&nbsp;<strong>Famatina<\/strong>&nbsp;se destaca por su producci\u00f3n agr\u00edcola y su imponente paisaje de monta\u00f1a, con rutas ideales para el turismo de aventura. Tanto la Laguna Brava como el Cr\u00e1ter Corona del Inca requieren el acompa\u00f1amiento de gu\u00edas locales habilitados, debido a la dificultad de los caminos y la altitud extrema en el caso del Cr\u00e1ter.<\/p>\n\n\n<div class=\"wp-block-image\">\n<figure class=\"aligncenter size-large is-resized\"><img loading=\"lazy\" decoding=\"async\" width=\"1024\" height=\"685\" src=\"https:\/\/sommamato.com\/wp-content\/uploads\/2025\/03\/unnamed-2025-03-21T220007.910-1024x685.jpg\" alt=\"\" class=\"wp-image-1053\" style=\"width:509px;height:auto\" srcset=\"https:\/\/sommamato.com\/wp-content\/uploads\/2025\/03\/unnamed-2025-03-21T220007.910-1024x685.jpg 1024w, https:\/\/sommamato.com\/wp-content\/uploads\/2025\/03\/unnamed-2025-03-21T220007.910-300x201.jpg 300w, https:\/\/sommamato.com\/wp-content\/uploads\/2025\/03\/unnamed-2025-03-21T220007.910-768x514.jpg 768w, https:\/\/sommamato.com\/wp-content\/uploads\/2025\/03\/unnamed-2025-03-21T220007.910-1536x1028.jpg 1536w, https:\/\/sommamato.com\/wp-content\/uploads\/2025\/03\/unnamed-2025-03-21T220007.910.jpg 1936w\" sizes=\"auto, (max-width: 1024px) 100vw, 1024px\" \/><\/figure>\n<\/div>\n\n\n<p><\/p>\n\n\n<div class=\"wp-block-image\">\n<figure class=\"aligncenter size-large is-resized\"><img loading=\"lazy\" decoding=\"async\" width=\"1024\" height=\"684\" src=\"https:\/\/sommamato.com\/wp-content\/uploads\/2025\/03\/unnamed-2025-03-21T220007.103-1024x684.jpg\" alt=\"\" class=\"wp-image-1054\" style=\"width:502px;height:auto\" srcset=\"https:\/\/sommamato.com\/wp-content\/uploads\/2025\/03\/unnamed-2025-03-21T220007.103-1024x684.jpg 1024w, https:\/\/sommamato.com\/wp-content\/uploads\/2025\/03\/unnamed-2025-03-21T220007.103-300x200.jpg 300w, https:\/\/sommamato.com\/wp-content\/uploads\/2025\/03\/unnamed-2025-03-21T220007.103-768x513.jpg 768w, https:\/\/sommamato.com\/wp-content\/uploads\/2025\/03\/unnamed-2025-03-21T220007.103-1536x1025.jpg 1536w, https:\/\/sommamato.com\/wp-content\/uploads\/2025\/03\/unnamed-2025-03-21T220007.103-2048x1367.jpg 2048w\" sizes=\"auto, (max-width: 1024px) 100vw, 1024px\" \/><\/figure>\n<\/div>\n\n\n<p><strong>Relax, cultura y sabores riojanos<\/strong><\/p>\n\n\n\n<p>Para quienes prefieren un plan m\u00e1s relajado,&nbsp;<strong>La Rioja<\/strong>&nbsp;cuenta con termas, alojamiento para todos los gustos, desde hoteles hasta caba\u00f1as, adem\u00e1s de museos y sitios hist\u00f3ricos. La fauna aut\u00f3ctona tambi\u00e9n es un atractivo especial: en distintos puntos de la provincia es posible avistar c\u00f3ndores, llamas, maras y zorros en su h\u00e1bitat natural.<\/p>\n\n\n\n<p>La gastronom\u00eda y el enoturismo tambi\u00e9n son protagonistas en Semana Santa. La provincia es la tercera productora de vinos del pa\u00eds y su Torront\u00e9s Riojano es un cl\u00e1sico indiscutido, aunque tambi\u00e9n se elaboran excelentes tintos. Algunas bodegas, como&nbsp;<strong>Tres Cruces<\/strong>,&nbsp;<strong>Cha\u00f1armuyo<\/strong>&nbsp;o&nbsp;<strong>Sacavino Arrieta<\/strong>, incluso cuentan con servicio de alojamiento, ofreciendo una experiencia completa que combina sabores y paisajes inolvidables.<\/p>\n\n\n\n<p>Los m\u00e1s peque\u00f1os tambi\u00e9n tienen su lugar con propuestas vinculadas al mundo de los dinosaurios: parques tem\u00e1ticos y zonas de exploraci\u00f3n permiten descubrir f\u00f3siles y aprender sobre la riqueza paleontol\u00f3gica de la regi\u00f3n.<\/p>\n\n\n\n<h3 class=\"wp-block-heading\"><strong><u>Expectativas de ocupaci\u00f3n para Semana Santa<\/u><\/strong><\/h3>\n\n\n\n<p>Con un verano que registr\u00f3 buenas cifras gracias a las fiestas populares, y eventos recientes que llenaron plazas hoteleras, La Rioja espera recibir un gran n\u00famero de visitantes en&nbsp;<strong>Semana Santa<\/strong>.&nbsp;<em>\u201cNadie puede saber con certeza qu\u00e9 va a pasar, pero por ahora las reservas vienen a buen ritmo y es probable que muchos departamentos alcancen ocupaci\u00f3n plena\u201d<\/em>, se\u00f1ala&nbsp;<strong>Jos\u00e9<\/strong>&nbsp;<strong>Rosa<\/strong>.<\/p>\n\n\n\n<p>Los turistas que elijan La Rioja para esta fecha especial y para los meses de temporada baja encontrar\u00e1n una provincia lista para recibirlos, con paisajes de ensue\u00f1o, historia y la calidez de su gente. \u201cLas y los esperamos con los brazos abiertos, porque sabemos que tenemos mucho para ofrecer. Aqu\u00ed encontrar\u00e1n lugares maravillosos y una hospitalidad que har\u00e1 que quieran volver\u201d, concluye&nbsp;<strong>Rosa.<\/strong><\/p>\n\n\n\n<figure class=\"wp-block-image size-large\"><img loading=\"lazy\" decoding=\"async\" width=\"1024\" height=\"575\" src=\"https:\/\/sommamato.com\/wp-content\/uploads\/2025\/03\/unnamed-2025-03-21T220243.788-1024x575.jpg\" alt=\"\" class=\"wp-image-1055\" srcset=\"https:\/\/sommamato.com\/wp-content\/uploads\/2025\/03\/unnamed-2025-03-21T220243.788-1024x575.jpg 1024w, https:\/\/sommamato.com\/wp-content\/uploads\/2025\/03\/unnamed-2025-03-21T220243.788-300x169.jpg 300w, https:\/\/sommamato.com\/wp-content\/uploads\/2025\/03\/unnamed-2025-03-21T220243.788-768x432.jpg 768w, https:\/\/sommamato.com\/wp-content\/uploads\/2025\/03\/unnamed-2025-03-21T220243.788-1536x863.jpg 1536w, https:\/\/sommamato.com\/wp-content\/uploads\/2025\/03\/unnamed-2025-03-21T220243.788-2048x1151.jpg 2048w, https:\/\/sommamato.com\/wp-content\/uploads\/2025\/03\/unnamed-2025-03-21T220243.788-800x450.jpg 800w\" sizes=\"auto, (max-width: 1024px) 100vw, 1024px\" \/><\/figure>\n\n\n\n<p><\/p>\n","protected":false},"excerpt":{"rendered":"<p>La temporada baja ofrece una oportunidad \u00fanica para disfrutar de la provincia en un marco de tranquilidad, con temperaturas agradables y propuestas que combinan naturaleza, historia y cultura. Adem\u00e1s del&#8230;<\/p>\n","protected":false},"author":1,"featured_media":0,"comment_status":"open","ping_status":"open","sticky":false,"template":"","format":"standard","meta":{"footnotes":""},"categories":[1],"tags":[290,291,289,292,293],"class_list":["post-1052","post","type-post","status-publish","format-standard","hentry","category-uncategorized","tag-chilecito","tag-famatina","tag-la-rioja-argentina","tag-parque-nacional-talampaya","tag-turismo"],"_links":{"self":[{"href":"https:\/\/sommamato.com\/index.php?rest_route=\/wp\/v2\/posts\/1052","targetHints":{"allow":["GET"]}}],"collection":[{"href":"https:\/\/sommamato.com\/index.php?rest_route=\/wp\/v2\/posts"}],"about":[{"href":"https:\/\/sommamato.com\/index.php?rest_route=\/wp\/v2\/types\/post"}],"author":[{"embeddable":true,"href":"https:\/\/sommamato.com\/index.php?rest_route=\/wp\/v2\/users\/1"}],"replies":[{"embeddable":true,"href":"https:\/\/sommamato.com\/index.php?rest_route=%2Fwp%2Fv2%2Fcomments&post=1052"}],"version-history":[{"count":1,"href":"https:\/\/sommamato.com\/index.php?rest_route=\/wp\/v2\/posts\/1052\/revisions"}],"predecessor-version":[{"id":1056,"href":"https:\/\/sommamato.com\/index.php?rest_route=\/wp\/v2\/posts\/1052\/revisions\/1056"}],"wp:attachment":[{"href":"https:\/\/sommamato.com\/index.php?rest_route=%2Fwp%2Fv2%2Fmedia&parent=1052"}],"wp:term":[{"taxonomy":"category","embeddable":true,"href":"https:\/\/sommamato.com\/index.php?rest_route=%2Fwp%2Fv2%2Fcategories&post=1052"},{"taxonomy":"post_tag","embeddable":true,"href":"https:\/\/sommamato.com\/index.php?rest_route=%2Fwp%2Fv2%2Ftags&post=1052"}],"curies":[{"name":"wp","href":"https:\/\/api.w.org\/{rel}","templated":true}]}}