{"id":1093,"date":"2025-06-21T18:42:28","date_gmt":"2025-06-21T18:42:28","guid":{"rendered":"https:\/\/sommamato.com\/?p=1093"},"modified":"2025-06-21T18:46:16","modified_gmt":"2025-06-21T18:46:16","slug":"vesta","status":"publish","type":"post","link":"https:\/\/sommamato.com\/?p=1093","title":{"rendered":"VESTA"},"content":{"rendered":"\n<p><strong><em>&nbsp;El verm\u00fa de Boedo que recupera la tradici\u00f3n con identidad propia suma color con stickers de dise\u00f1o<\/em><\/strong><\/p>\n\n\n\n<p>Creado una tarde de domingo en el barrio de Boedo,<strong>&nbsp;Vesta es el verm\u00fa&nbsp;<\/strong>de&nbsp;<strong><em>Familia Borzi<\/em><\/strong>, el proyecto personal de&nbsp;<strong>Martina Borzi Rivero<\/strong>, cocinera con m\u00e1s de una d\u00e9cada de experiencia en la gastronom\u00eda. Inspirado en la memoria emotiva de quienes lo beben, Vesta se elabora con vinos de Cafayate (Malbec y Torront\u00e9s) y una selecci\u00f3n de bot\u00e1nicos tostados y mezclados artesanalmente.<\/p>\n\n\n\n<p>La propuesta incluye dos estilos: el&nbsp;<strong><em>Rosso Dulce<\/em><\/strong>, especiado y de gran persistencia, ideal para servir con hielo, soda y naranja; y el&nbsp;<strong><em>Blanco Seco<\/em><\/strong>, fresco y c\u00edtrico, perfecto para acompa\u00f1ar con pomelo.<\/p>\n\n\n<div class=\"wp-block-image\">\n<figure class=\"aligncenter size-large is-resized\"><img loading=\"lazy\" decoding=\"async\" width=\"683\" height=\"1024\" src=\"https:\/\/sommamato.com\/wp-content\/uploads\/2025\/06\/IMG_2984-1-1-683x1024.jpg\" alt=\"\" class=\"wp-image-1101\" style=\"width:223px;height:auto\" srcset=\"https:\/\/sommamato.com\/wp-content\/uploads\/2025\/06\/IMG_2984-1-1-683x1024.jpg 683w, https:\/\/sommamato.com\/wp-content\/uploads\/2025\/06\/IMG_2984-1-1-200x300.jpg 200w, https:\/\/sommamato.com\/wp-content\/uploads\/2025\/06\/IMG_2984-1-1-768x1152.jpg 768w, https:\/\/sommamato.com\/wp-content\/uploads\/2025\/06\/IMG_2984-1-1-1024x1536.jpg 1024w, https:\/\/sommamato.com\/wp-content\/uploads\/2025\/06\/IMG_2984-1-1-1365x2048.jpg 1365w, https:\/\/sommamato.com\/wp-content\/uploads\/2025\/06\/IMG_2984-1-1-scaled.jpg 1707w\" sizes=\"auto, (max-width: 683px) 100vw, 683px\" \/><\/figure>\n<\/div>\n\n\n<p><\/p>\n\n\n<div class=\"wp-block-image\">\n<figure class=\"aligncenter size-large is-resized\"><img loading=\"lazy\" decoding=\"async\" width=\"683\" height=\"1024\" src=\"https:\/\/sommamato.com\/wp-content\/uploads\/2025\/06\/IMG_2917-4-3-683x1024.jpg\" alt=\"\" class=\"wp-image-1102\" style=\"width:225px;height:auto\" srcset=\"https:\/\/sommamato.com\/wp-content\/uploads\/2025\/06\/IMG_2917-4-3-683x1024.jpg 683w, https:\/\/sommamato.com\/wp-content\/uploads\/2025\/06\/IMG_2917-4-3-200x300.jpg 200w, https:\/\/sommamato.com\/wp-content\/uploads\/2025\/06\/IMG_2917-4-3-768x1152.jpg 768w, https:\/\/sommamato.com\/wp-content\/uploads\/2025\/06\/IMG_2917-4-3-1024x1536.jpg 1024w, https:\/\/sommamato.com\/wp-content\/uploads\/2025\/06\/IMG_2917-4-3-1365x2048.jpg 1365w, https:\/\/sommamato.com\/wp-content\/uploads\/2025\/06\/IMG_2917-4-3-scaled.jpg 1707w\" sizes=\"auto, (max-width: 683px) 100vw, 683px\" \/><\/figure>\n<\/div>\n\n\n<p>Desde su lanzamiento en 2020, Vesta creci\u00f3 de forma sostenida, conquistando a una nueva generaci\u00f3n que reivindica el ritual del vermut como un h\u00e1bito cotidiano, lejos de una moda pasajera. Con una presentaci\u00f3n original en botellas de 500 ml tipo medicinal y formatos bag-in-box de 5 litros, se comercializa tanto en ferias como a trav\u00e9s de canales digitales y venta mayorista. Pronto llegar\u00e1 con un nuevo envase.<\/p>\n\n\n\n<p>Para Martina, el momento ideal para un vermut es el aperitivo antes de la cena, con aceitunas como maridaje infalible. Para ella, lo importante no es solo qu\u00e9 se toma, sino c\u00f3mo y con qui\u00e9n.<\/p>\n\n\n\n<p>Este mes, Martina se ali\u00f3 con la dise\u00f1adora&nbsp;<a href=\"https:\/\/www.google.com\/url?q=https:\/\/www.google.com\/url?q%3Dhttps:\/\/www.instagram.com\/bicelie\/%26amp;sa%3DD%26amp;source%3Deditors%26amp;ust%3D1750533830427274%26amp;usg%3DAOvVaw3AoMPBhkQWUnsFaIQPs1Zg&amp;sa=D&amp;source=docs&amp;ust=1750533830432398&amp;usg=AOvVaw2mQ_H3SAnjE_2Ne8D-WRzy\">Bicelie<\/a>&nbsp;para sumar novedades. Por&nbsp;la compra online de una caja o botella, te llev\u00e1s stickers con frases&nbsp;<strong>verm\u00faticas<\/strong>&nbsp;para fan\u00e1ticos del VERMU. Y \u00bfqu\u00e9 dicen?: &nbsp;<\/p>\n\n\n\n<p>\u2714\ufe0f \u00abLo tomo sin soda\u00bb (Para puristas del buen verm\u00fa) \ud83c\udf77\u2728 &nbsp;<\/p>\n\n\n\n<p>\u2714\ufe0f \u00abHecho en Boedo\u00bb (Porque sabemos que sos un boedo-lover) \ud83d\ude09\ud83c\udf47 &nbsp;<\/p>\n\n\n\n<p>\u2714\ufe0f \u00abYo amo VESTA\u00bb* (\u00a1Y VESTA te ama a vos!) \ud83d\udc9a &nbsp;<\/p>\n\n\n\n<p>\ud83d\udce6 \u00bfC\u00f3mo se &nbsp;consiguen?<\/p>\n\n\n\n<p>1. Compr\u00e1 tu caja o botella favorita a trav\u00e9s de la p\u00e1gina web<\/p>\n\n\n\n<p>2. &nbsp;Y \u00a1los stickers viajan gratis con tu pedido!<\/p>\n\n\n<div class=\"wp-block-image\">\n<figure class=\"aligncenter size-full\"><img loading=\"lazy\" decoding=\"async\" width=\"532\" height=\"473\" src=\"https:\/\/sommamato.com\/wp-content\/uploads\/2025\/06\/WhatsApp-Image-2025-06-21-at-13.25.53-2-edited.jpeg\" alt=\"\" class=\"wp-image-1106\" srcset=\"https:\/\/sommamato.com\/wp-content\/uploads\/2025\/06\/WhatsApp-Image-2025-06-21-at-13.25.53-2-edited.jpeg 532w, https:\/\/sommamato.com\/wp-content\/uploads\/2025\/06\/WhatsApp-Image-2025-06-21-at-13.25.53-2-edited-300x267.jpeg 300w\" sizes=\"auto, (max-width: 532px) 100vw, 532px\" \/><\/figure>\n<\/div>\n\n\n<p><\/p>\n\n\n\n<p>3. Pegalos donde quieras.<\/p>\n\n\n\n<p><strong>M\u00e1s informaci\u00f3n en:&nbsp;<\/strong><strong><a href=\"https:\/\/www.google.com\/url?q=https:\/\/www.google.com\/url?q%3Dhttp:\/\/www.vestavermut.com.ar%26amp;sa%3DD%26amp;source%3Deditors%26amp;ust%3D1750533830428103%26amp;usg%3DAOvVaw2TxDbdnKVu0Of-0CplTVSs&amp;sa=D&amp;source=docs&amp;ust=1750533830432839&amp;usg=AOvVaw2kPbd1bG1FmgLAKgBlNEwf\">www.vestavermut.com.ar<\/a><\/strong><\/p>\n\n\n\n<p><strong><em>Instagram<\/em><\/strong><strong>: @vestavermut<\/strong><\/p>\n\n\n\n<p><\/p>\n\n\n\n<p><\/p>\n","protected":false},"excerpt":{"rendered":"<p>&nbsp;El verm\u00fa de Boedo que recupera la tradici\u00f3n con identidad propia suma color con stickers de dise\u00f1o Creado una tarde de domingo en el barrio de Boedo,&nbsp;Vesta es el verm\u00fa&nbsp;de&nbsp;Familia&#8230;<\/p>\n","protected":false},"author":1,"featured_media":0,"comment_status":"open","ping_status":"open","sticky":false,"template":"","format":"standard","meta":{"footnotes":""},"categories":[294,305],"tags":[],"class_list":["post-1093","post","type-post","status-publish","format-standard","hentry","category-vesta","category-vestavermut"],"_links":{"self":[{"href":"https:\/\/sommamato.com\/index.php?rest_route=\/wp\/v2\/posts\/1093","targetHints":{"allow":["GET"]}}],"collection":[{"href":"https:\/\/sommamato.com\/index.php?rest_route=\/wp\/v2\/posts"}],"about":[{"href":"https:\/\/sommamato.com\/index.php?rest_route=\/wp\/v2\/types\/post"}],"author":[{"embeddable":true,"href":"https:\/\/sommamato.com\/index.php?rest_route=\/wp\/v2\/users\/1"}],"replies":[{"embeddable":true,"href":"https:\/\/sommamato.com\/index.php?rest_route=%2Fwp%2Fv2%2Fcomments&post=1093"}],"version-history":[{"count":1,"href":"https:\/\/sommamato.com\/index.php?rest_route=\/wp\/v2\/posts\/1093\/revisions"}],"predecessor-version":[{"id":1107,"href":"https:\/\/sommamato.com\/index.php?rest_route=\/wp\/v2\/posts\/1093\/revisions\/1107"}],"wp:attachment":[{"href":"https:\/\/sommamato.com\/index.php?rest_route=%2Fwp%2Fv2%2Fmedia&parent=1093"}],"wp:term":[{"taxonomy":"category","embeddable":true,"href":"https:\/\/sommamato.com\/index.php?rest_route=%2Fwp%2Fv2%2Fcategories&post=1093"},{"taxonomy":"post_tag","embeddable":true,"href":"https:\/\/sommamato.com\/index.php?rest_route=%2Fwp%2Fv2%2Ftags&post=1093"}],"curies":[{"name":"wp","href":"https:\/\/api.w.org\/{rel}","templated":true}]}}