{"id":747,"date":"2024-10-23T01:32:33","date_gmt":"2024-10-23T01:32:33","guid":{"rendered":"https:\/\/sommamato.com\/?p=747"},"modified":"2024-10-23T01:32:33","modified_gmt":"2024-10-23T01:32:33","slug":"se-viene-una-nueva-edicion-del-encuentro-federal-de-vinos-en-bodega-gamboa","status":"publish","type":"post","link":"https:\/\/sommamato.com\/?p=747","title":{"rendered":"Se\u00a0viene\u00a0una\u00a0nueva\u00a0edici\u00f3n\u00a0del\u00a0Encuentro\u00a0Federal\u00a0de\u00a0Vinos\u00a0en Bodega Gamboa"},"content":{"rendered":"\n<p>El s\u00e1bado 2 de noviembre m\u00e1s de 50 bodegas reconocidas internacionalmente dir\u00e1n presente en&nbsp;<strong>Gamboa<\/strong>,&nbsp;la&nbsp;bodega&nbsp;ubicada&nbsp;a&nbsp;solo&nbsp;una&nbsp;hora&nbsp;de&nbsp;la&nbsp;Ciudad&nbsp;de&nbsp;Buenos&nbsp;Aires,&nbsp;para&nbsp;participar&nbsp;del&nbsp;<strong>IV Encuentro Federal de Vinos<\/strong>, la jornada \u00fanica de enogastronom\u00eda que re\u00fane a bodegas y productores&nbsp;de&nbsp;distintas&nbsp;provincias,&nbsp;grandes&nbsp;referentes&nbsp;de&nbsp;la&nbsp;gastronom\u00eda&nbsp;argentina&nbsp;y&nbsp;m\u00fasica&nbsp;en&nbsp;vivo.<\/p>\n\n\n\n<p>Entre&nbsp;otras,&nbsp;participar\u00e1n&nbsp;Bemberg,&nbsp;Luigi Bosca,&nbsp;Salentein,&nbsp;Pyros,&nbsp;Susana&nbsp;Balbo&nbsp;Wines, Trapiche, Weinert,&nbsp;Achala&nbsp;Wines,&nbsp;Argana&nbsp;Wines,&nbsp;Ar\u00edstides,&nbsp;Aureum&nbsp;Terra,&nbsp;Casa&nbsp;Petrini,&nbsp;Castel&nbsp;Conegliano, Comahue,&nbsp;Don&nbsp;Emanuel&nbsp;Villafa\u00f1e,&nbsp;Do\u00f1a&nbsp;Paula,&nbsp;El&nbsp;Esteco,&nbsp;Ernesto&nbsp;Catena,&nbsp;Finca&nbsp;Decero,&nbsp;Finca&nbsp;La Punilla, Finca Las Moras, Jean Rivier, Jorge Rubio, Lattarico Wines, Los Aromitos, LUI Wines, Urqo,&nbsp;Valle&nbsp;de&nbsp;la&nbsp;Puerta,&nbsp;Valle&nbsp;del&nbsp;C\u00f3ndor,&nbsp;Vasija&nbsp;Secreta,&nbsp;Videla&nbsp;Dorna&nbsp;y&nbsp;Wine&nbsp;Marchands.&nbsp;Riedel y Agua Local acompa\u00f1an el encuentro.<\/p>\n\n\n<div class=\"wp-block-image\">\n<figure class=\"aligncenter size-full is-resized\"><img loading=\"lazy\" decoding=\"async\" width=\"1024\" height=\"683\" src=\"https:\/\/sommamato.com\/wp-content\/uploads\/2024\/10\/3er-ENCUENTRO-FEDERAL-DE-VINOS-GAMBOA_216.jpg\" alt=\"\" class=\"wp-image-748\" style=\"width:387px;height:auto\" srcset=\"https:\/\/sommamato.com\/wp-content\/uploads\/2024\/10\/3er-ENCUENTRO-FEDERAL-DE-VINOS-GAMBOA_216.jpg 1024w, https:\/\/sommamato.com\/wp-content\/uploads\/2024\/10\/3er-ENCUENTRO-FEDERAL-DE-VINOS-GAMBOA_216-300x200.jpg 300w, https:\/\/sommamato.com\/wp-content\/uploads\/2024\/10\/3er-ENCUENTRO-FEDERAL-DE-VINOS-GAMBOA_216-768x512.jpg 768w\" sizes=\"auto, (max-width: 1024px) 100vw, 1024px\" \/><\/figure>\n<\/div>\n\n\n<p>La&nbsp;gastronom\u00eda&nbsp;tambi\u00e9n&nbsp;ser\u00e1&nbsp;protagonista,&nbsp;con&nbsp;la&nbsp;presencia&nbsp;de&nbsp;chefs&nbsp;y&nbsp;restaurantes&nbsp;destacados por&nbsp;la&nbsp;Gu\u00eda&nbsp;Michelin&nbsp;2024,&nbsp;tales&nbsp;como&nbsp;Fog\u00f3n,&nbsp;Italpast,&nbsp;La&nbsp;Garage,&nbsp;Ni\u00f1o&nbsp;Gordo,&nbsp;Pr\u00f3spero&nbsp;Velazco, Walter Lui, y m\u00e1s por confirmar.<\/p>\n\n\n\n<p>Tambi\u00e9n&nbsp;habr\u00e1&nbsp;charlas&nbsp;y&nbsp;entrevistas&nbsp;a&nbsp;referentes&nbsp;del&nbsp;mundo&nbsp;del&nbsp;vino&nbsp;y&nbsp;chef&nbsp;invitados,&nbsp;a&nbsp;cargo&nbsp;de&nbsp;<strong>Joe Fern\u00e1ndez<\/strong>, as\u00ed como shows de m\u00fasica en vivo:&nbsp;<strong>Paris Jazz,&nbsp;<\/strong>entre otros y durante toda la jornada, que se extender\u00e1 de 13:00 a 18:00.<\/p>\n\n\n<div class=\"wp-block-image\">\n<figure class=\"aligncenter size-full is-resized\"><img loading=\"lazy\" decoding=\"async\" width=\"683\" height=\"1024\" src=\"https:\/\/sommamato.com\/wp-content\/uploads\/2024\/10\/3er-ENCUENTRO-FEDERAL-DE-VINOS-GAMBOA_285.jpg\" alt=\"\" class=\"wp-image-749\" style=\"width:416px;height:auto\" srcset=\"https:\/\/sommamato.com\/wp-content\/uploads\/2024\/10\/3er-ENCUENTRO-FEDERAL-DE-VINOS-GAMBOA_285.jpg 683w, https:\/\/sommamato.com\/wp-content\/uploads\/2024\/10\/3er-ENCUENTRO-FEDERAL-DE-VINOS-GAMBOA_285-200x300.jpg 200w\" sizes=\"auto, (max-width: 683px) 100vw, 683px\" \/><\/figure>\n<\/div>\n\n\n<h1 class=\"wp-block-heading\">Entradas&nbsp;disponibles<\/h1>\n\n\n\n<p>Las&nbsp;entradas&nbsp;ya&nbsp;se&nbsp;encuentran&nbsp;disponibles&nbsp;a&nbsp;trav\u00e9s&nbsp;de&nbsp;la&nbsp;ticketera&nbsp;de&nbsp;<strong>Banco&nbsp;Macro<\/strong>,&nbsp;main&nbsp;sponsor del evento, entrando a este link:&nbsp;<a href=\"https:\/\/boleteriadigital.com.ar\/ubicaciones.aspx?evento=70\" target=\"_blank\" rel=\"noreferrer noopener\">https:\/\/boleteriadigital.com.ar\/ubicaciones.aspx?evento=70<\/a>. Los valores y caracter\u00edsticas son las siguientes:<\/p>\n\n\n\n<p>La&nbsp;<strong>entrada general,&nbsp;<\/strong>v\u00e1lida solo para mayores de 18 a\u00f1os, incluye copa de regalo, degustaci\u00f3n libre&nbsp;de&nbsp;vinos&nbsp;de&nbsp;todas&nbsp;las&nbsp;bodegas&nbsp;expositoras,&nbsp;estacionamiento, sectores&nbsp;de&nbsp;pic&nbsp;nic&nbsp;y&nbsp;mesas&nbsp;al aire libre, su precio es $30.000<\/p>\n\n\n\n<p>La&nbsp;<strong>entrada VIP,&nbsp;<\/strong>tambi\u00e9n solo v\u00e1lida solo para mayores de 18, incluye copa Riedel de regalo, acceso a carpa VIP, degustaci\u00f3n de vinos exclusivos, visita guiada a Bodega Gamboa, entrada exclusiva a degustaci\u00f3n t\u00e9cnica en la cava, degustaci\u00f3n de vinos libre de todas las bodegas expositoras, estacionamiento VIP, y su valor es $90.000<\/p>\n\n\n\n<p><strong>Eduardo Tuite<\/strong>, fundador y&nbsp;propietario de&nbsp;<strong>Bodega Gamboa<\/strong>, coment\u00f3: \u201cNos sentimos felices de poder albergar nuevamente en nuestro terru\u00f1o a destacados referentes del mundo de la enogastronom\u00eda. El a\u00f1o pasado m\u00e1s de 1500 personas se acercaron al Encuentro, y en esta oportunidad esperamos que a\u00fan m\u00e1s asistentes se acerquen a disfrutar de una experiencia&nbsp;\u00fanica\u201d.&nbsp;<\/p>\n\n\n\n<h1 class=\"wp-block-heading\">INFORMACI\u00d3N&nbsp;IMPORTANTE<\/h1>\n\n\n\n<p><strong>Bodega Gamboa&nbsp;<\/strong>apela a la conciencia de todos los asistentes promoviendo un consumo responsable&nbsp;y&nbsp;alentando&nbsp;la&nbsp;nominaci\u00f3n&nbsp;de&nbsp;un&nbsp;<strong>conductor&nbsp;designado<\/strong>.&nbsp;Tambi\u00e9n&nbsp;se&nbsp;ofrece&nbsp;la&nbsp;opci\u00f3n de tickets + transfer desde La Rural hasta Campana.<\/p>\n\n\n\n<p>Habr\u00e1&nbsp;puesto&nbsp;de&nbsp;hidrataci\u00f3n&nbsp;libre&nbsp;y&nbsp;gratuito&nbsp;a&nbsp;cargo&nbsp;de&nbsp;<strong>Agua&nbsp;Local<\/strong>.<\/p>\n\n\n\n<p>En caso de mal tiempo o razones de fuerza mayor, el evento se realizar\u00e1 el s\u00e1bado 9 de noviembre, y los tickets adquiridos ser\u00e1n v\u00e1lidos para esa fecha (las entradas NO SON&nbsp;REEMBOLSABLES).<\/p>\n\n\n\n<p><strong>&nbsp;Acerca&nbsp;de&nbsp;Bodega&nbsp;Gamboa<\/strong><\/p>\n\n\n\n<p>Es&nbsp;la&nbsp;bodega&nbsp;y&nbsp;vi\u00f1edo&nbsp;m\u00e1s&nbsp;cercana&nbsp;a&nbsp;la&nbsp;ciudad&nbsp;de&nbsp;Buenos&nbsp;Aires.&nbsp;Cuenta&nbsp;con&nbsp;6&nbsp;has&nbsp;de&nbsp;vi\u00f1edos de Malbec, Cabernet Franc, Pinot Noir, etc.&nbsp;y una propuesta gastron\u00f3mica de excelencia.<\/p>\n\n\n\n<p>Mi Finca Gamboa. Se trata de una propuesta para en\u00f3filos y amantes del mundo del vino para tener su propio vi\u00f1edo<\/p>\n\n\n\n<p><strong>Ruta&nbsp;9&nbsp;Panamericana&nbsp;KM&nbsp;65.5,&nbsp;Campana,&nbsp;Provincia&nbsp;de&nbsp;Buenos&nbsp;Aires<\/strong>&#8212;<\/p>\n\n\n\n<p><\/p>\n","protected":false},"excerpt":{"rendered":"<p>El s\u00e1bado 2 de noviembre m\u00e1s de 50 bodegas reconocidas internacionalmente dir\u00e1n presente en&nbsp;Gamboa,&nbsp;la&nbsp;bodega&nbsp;ubicada&nbsp;a&nbsp;solo&nbsp;una&nbsp;hora&nbsp;de&nbsp;la&nbsp;Ciudad&nbsp;de&nbsp;Buenos&nbsp;Aires,&nbsp;para&nbsp;participar&nbsp;del&nbsp;IV Encuentro Federal de Vinos, la jornada \u00fanica de enogastronom\u00eda que re\u00fane a bodegas y productores&nbsp;de&nbsp;distintas&nbsp;provincias,&nbsp;grandes&nbsp;referentes&nbsp;de&nbsp;la&nbsp;gastronom\u00eda&nbsp;argentina&nbsp;y&nbsp;m\u00fasica&nbsp;en&nbsp;vivo. Entre&nbsp;otras,&nbsp;participar\u00e1n&nbsp;Bemberg,&nbsp;Luigi&#8230;<\/p>\n","protected":false},"author":1,"featured_media":0,"comment_status":"open","ping_status":"open","sticky":false,"template":"","format":"standard","meta":{"footnotes":""},"categories":[37],"tags":[199,211],"class_list":["post-747","post","type-post","status-publish","format-standard","hentry","category-bodega-gamboa","tag-enoturismo","tag-gamboa-campana"],"_links":{"self":[{"href":"https:\/\/sommamato.com\/index.php?rest_route=\/wp\/v2\/posts\/747","targetHints":{"allow":["GET"]}}],"collection":[{"href":"https:\/\/sommamato.com\/index.php?rest_route=\/wp\/v2\/posts"}],"about":[{"href":"https:\/\/sommamato.com\/index.php?rest_route=\/wp\/v2\/types\/post"}],"author":[{"embeddable":true,"href":"https:\/\/sommamato.com\/index.php?rest_route=\/wp\/v2\/users\/1"}],"replies":[{"embeddable":true,"href":"https:\/\/sommamato.com\/index.php?rest_route=%2Fwp%2Fv2%2Fcomments&post=747"}],"version-history":[{"count":1,"href":"https:\/\/sommamato.com\/index.php?rest_route=\/wp\/v2\/posts\/747\/revisions"}],"predecessor-version":[{"id":750,"href":"https:\/\/sommamato.com\/index.php?rest_route=\/wp\/v2\/posts\/747\/revisions\/750"}],"wp:attachment":[{"href":"https:\/\/sommamato.com\/index.php?rest_route=%2Fwp%2Fv2%2Fmedia&parent=747"}],"wp:term":[{"taxonomy":"category","embeddable":true,"href":"https:\/\/sommamato.com\/index.php?rest_route=%2Fwp%2Fv2%2Fcategories&post=747"},{"taxonomy":"post_tag","embeddable":true,"href":"https:\/\/sommamato.com\/index.php?rest_route=%2Fwp%2Fv2%2Ftags&post=747"}],"curies":[{"name":"wp","href":"https:\/\/api.w.org\/{rel}","templated":true}]}}