{"id":759,"date":"2024-11-06T00:50:38","date_gmt":"2024-11-06T00:50:38","guid":{"rendered":"https:\/\/sommamato.com\/?p=759"},"modified":"2024-11-06T00:50:38","modified_gmt":"2024-11-06T00:50:38","slug":"llega-por-primera-vez-a-buenos-aires-argentina-wine-experiencela-gala-del-vino-argentino","status":"publish","type":"post","link":"https:\/\/sommamato.com\/?p=759","title":{"rendered":"Llega por primera vez a Buenos Aires, Argentina Wine Experience,la gala del vino argentino."},"content":{"rendered":"\n<p><\/p>\n\n\n\n<p><strong>Argentina Wine Experience <\/strong>es una gala que reunir\u00e1 lo mejor del vino argentino junto a una gastronom\u00eda de alt\u00edsimo nivel. Desde el lunes 11 de noviembre y, con el viernes 15 como broche de oro, el hotel&nbsp; <em>Intercontinental Buenos Aires<\/em> ser\u00e1 el epicentro de <strong><em>Argentina Wine Experience<\/em><\/strong>, una semana dedicada al vino argentino y su gastronom\u00eda, como partner indiscutido.&nbsp;<\/p>\n\n\n\n<figure class=\"wp-block-image size-large\"><img loading=\"lazy\" decoding=\"async\" width=\"1024\" height=\"690\" src=\"https:\/\/sommamato.com\/wp-content\/uploads\/2024\/11\/Intercontinental-1024x690.jpg\" alt=\"\" class=\"wp-image-760\" srcset=\"https:\/\/sommamato.com\/wp-content\/uploads\/2024\/11\/Intercontinental-1024x690.jpg 1024w, https:\/\/sommamato.com\/wp-content\/uploads\/2024\/11\/Intercontinental-300x202.jpg 300w, https:\/\/sommamato.com\/wp-content\/uploads\/2024\/11\/Intercontinental-768x518.jpg 768w, https:\/\/sommamato.com\/wp-content\/uploads\/2024\/11\/Intercontinental.jpg 1200w\" sizes=\"auto, (max-width: 1024px) 100vw, 1024px\" \/><\/figure>\n\n\n\n<p>La gran \u201cgala del vino argentino\u201d, se realizar\u00e1 el <strong>viernes 15 de noviembre<\/strong> y, durante la semana, se dispondr\u00e1n almuerzos y cenas junto a diferentes bodegas y propuestas gastron\u00f3micas.<\/p>\n\n\n\n<p><strong>Qui\u00e9nes est\u00e1n detr\u00e1s de AWE<\/strong><\/p>\n\n\n\n<p>Esta experiencia sensorial \u00fanica est\u00e1 organizada por tres reconocidos periodistas y comunicadores del vino. Ellos son <strong>Federico Lancia, Gustavo Flores Baz\u00e1n y Jorge Cabrera<\/strong>, quienes decidieron unir su larga trayectoria de 20 a\u00f1os en el sector y crear <strong>Wine Media Group.<\/strong><\/p>\n\n\n\n<p>Entre sus prop\u00f3sitos quisieron desarrollar esta propuesta de lujo en el principal centro de consumo del pa\u00eds, adem\u00e1s de otros proyectos que tienen entre manos con una nutrida agenda para 2025.<\/p>\n\n\n\n<p>De este modo, esta \u201cexperiencia del vino argentino\u201d tendr\u00e1 lugar, nada menos, que en el coraz\u00f3n fundacional del pa\u00eds, en el centro hist\u00f3rico de Buenos Aires, donde se ubica el <em>Hotel Intercontinental<\/em>, en el barrio de Montserrat, contiguo al Convento Santa Clara, construido en 1795.&nbsp;<\/p>\n\n\n\n<p>Ser\u00e1 un marco in\u00e9dito y patrimonial, donde los sabores, las tradiciones y la cultura girar\u00e1n en torno al vino argentino. El vino ser\u00e1 el m\u00e1ximo protagonista junto a muchos de sus hacedores y referentes de todo el pa\u00eds.<\/p>\n\n\n\n<p><strong>Una semana especial<\/strong><\/p>\n\n\n\n<p>Del 11 al 14 de noviembre,<strong> las noches ser\u00e1n la antesala de la Gran Gala del Vino Argentino, <\/strong>con cenas <em>\u201cAvant Premi\u00e8re\u201d<\/em> en el lujoso restaurante Mediterr\u00e1neo, que dirige el chef ejecutivo <strong>Pablo Tarr\u00edo<\/strong>, con la presentaci\u00f3n de vinos \u00edconos y referentes de todo el pa\u00eds.&nbsp;<\/p>\n\n\n\n<p>Adem\u00e1s de la gastronom\u00eda de Intercontinental BS AS, participar\u00e1n dos chefs mendocinos que han sido recomendados por la Guia Michelin. Ellos son <strong>Flavia Amad<\/strong>, de la bodega <em>Susana Balbo Wines<\/em> y <strong>Diego Tapia<\/strong>, del <em>restaurante Centauro.<\/em><\/p>\n\n\n\n<p>En cuanto a las noches, varias bodegas presentar\u00e1n sus etiquetas m\u00e1s prestigiosas junto a la gastronom\u00eda de Intercontinental Buenos Aires.&nbsp;&nbsp;<\/p>\n\n\n\n<p>El lunes 11, ser\u00e1 la Noche de <strong>Familia Bemberg<\/strong>; el martes 12, la bodega protagonista ser\u00e1 <strong>Trapiche <\/strong>con la presencia del Director de Viticultura y enolog\u00eda de Grupo Pe\u00f1aflor<strong> Marcelo Belmonte,<\/strong> Sponsor oficial del Inter Miami. Por su parte, el mi\u00e9rcoles 13, se realizar\u00e1 al mediod\u00eda un almuerzo de networking con <strong>Bodega El Esteco <\/strong>con la presencia del en\u00f3logo <strong>Alejandro Pepa<\/strong> y una cena exclusiva junto a <strong>Cheval Des Andes, <\/strong>con degustaci\u00f3n y maridaje junto a las \u00faltimas 3 a\u00f1adas de este vino \u00edcono de Argentina. Se contar\u00e1 con la presencia de <em>Gerard Gabillet<\/em>, en\u00f3logo director del proyecto. Todas las cenas dar\u00e1n comienzo 20.30hs.&nbsp;<\/p>\n\n\n\n<p>Finalmente, el jueves 14 se realizar\u00e1 la \u00abAvant Premi\u00e8re\u00bb con una cena especial junto a los <strong>chefs recomendados de la Gu\u00eda Michelin y la presentaci\u00f3n de vinos de AWE.<\/strong><\/p>\n\n\n\n<figure class=\"wp-block-image size-large\"><img loading=\"lazy\" decoding=\"async\" width=\"1024\" height=\"683\" src=\"https:\/\/sommamato.com\/wp-content\/uploads\/2024\/11\/HOTEL-AWE-2024-1024x683.jpg\" alt=\"\" class=\"wp-image-761\" srcset=\"https:\/\/sommamato.com\/wp-content\/uploads\/2024\/11\/HOTEL-AWE-2024-1024x683.jpg 1024w, https:\/\/sommamato.com\/wp-content\/uploads\/2024\/11\/HOTEL-AWE-2024-300x200.jpg 300w, https:\/\/sommamato.com\/wp-content\/uploads\/2024\/11\/HOTEL-AWE-2024-768x512.jpg 768w, https:\/\/sommamato.com\/wp-content\/uploads\/2024\/11\/HOTEL-AWE-2024-1536x1024.jpg 1536w, https:\/\/sommamato.com\/wp-content\/uploads\/2024\/11\/HOTEL-AWE-2024-2048x1365.jpg 2048w\" sizes=\"auto, (max-width: 1024px) 100vw, 1024px\" \/><\/figure>\n\n\n\n<p><strong>La noche estelar&nbsp;<\/strong><\/p>\n\n\n\n<p><strong>La gran gala del vino argentino se realizar\u00e1 el viernes 15 de noviembre,<\/strong> de 19 a 23 hs con la presentaci\u00f3n de m\u00e1s de 30 bodegas, alrededor de 150 de sus m\u00e1s prestigiosas etiquetas, una propuesta gastron\u00f3mica de alta cocina argentina y el mejor ambiente en <strong>una locaci\u00f3n \u00fanica y exclusiva como es la Plaza del Virrey del Hotel Intercontinental y el hist\u00f3rico Convento Santa Clara.<\/strong><\/p>\n\n\n\n<p>Una experiencia que permitir\u00e1 volver en el tiempo junto al vino argentino dentro de este claustro, fundado en 1795, donde adem\u00e1s suceder\u00e1n experiencias exclusivas de gastronom\u00eda y vinos, ambientadas en la m\u00e1s hist\u00f3rica Biblioteca de Buenos Aires.<\/p>\n\n\n\n<p><strong>Argentina Wine Experience<\/strong> ya tiene confirmada la presencia de importantes bodega de todo el pa\u00eds, como <em>Salentein, Atamisque, Falasco Wines, Piattelli Vineyards, Rosell Boher, Aniello, Antigal, Otronia, Trapiche, El Esteco, Finca Las Moras, Norton, Do\u00f1a Paula, Vistalba, La Celia, El Enemigo, Pulenta Estate, Altieri Family Winery &#8211; Vinorum, Monteviejo,<\/em> <em>L\u00f3pez, Los Toneles, Alta Vista, Huentala Wines, Cruzat, V Concierge, Ojo de Agua, Cheval des Andes, Bemberg Estate Wines, <\/em>entre otras. Tambi\u00e9n contar\u00e1 con la participaci\u00f3n de <em>Andina Compa\u00f1\u00eda Destilera,<\/em> con su portfolio de alta gama y productos gourmet.<\/p>\n\n\n\n<p>Para quienes vayan a la feria este d\u00eda, podr\u00e1n disfrutar de la gastronom\u00eda del hotel con un servicio de cocktail que incluir\u00e1, entre otras delicias, mini empanaditas de carne a cuchillo; Ostras gratinadas y sablee de pimientas con Jam\u00f3n Serrano y&nbsp; Queso de Hierbas. Adem\u00e1s ofrecer\u00e1n su&nbsp; cocina los chefs Diego Tapia y Flavia Amad de Mendoza y Pablo Tarrio, chef del Intercontinental.<\/p>\n\n\n\n<p>Este importante evento cuenta con el apoyo de <em>Bodegas de Argentina<\/em> y su programa <em>Wine in Moderation<\/em>, del <em>Ente Mendoza Turismo<\/em> y del <em>Programa de Promoci\u00f3n gastron\u00f3mica de la Ciudad de Buenos Aires<\/em>, adem\u00e1s del acompa\u00f1amiento de la Asociaci\u00f3n Argentina de Concierges \u201cLes Clefs D&#8217; Or\u201d y MDZ Media Partner, entre otros. Las entradas para el evento como para las distintas experiencias estar\u00e1n disponibles pr\u00f3ximamente.&nbsp;<\/p>\n\n\n\n<p><strong>Sobre Wine Media Group<\/strong><\/p>\n\n\n\n<p>Esta es una alianza de tres reconocidos periodistas y comunicadores del vino argentino, responsables de tres medios de comunicaci\u00f3n especializados: <strong>Federico Lancia<\/strong> (<em>Vinos y Buen Vivir<\/em>), <strong>Gustavo Flores Baz\u00e1n<\/strong> (<em>El Descorche Diario<\/em>) y Jorge Cabrera (<em>Caminos del Vino<\/em>).<\/p>\n\n\n\n<p>En sus de 20 a\u00f1os dedicados a la comunicaci\u00f3n del vino argentino, como tambi\u00e9n a la promoci\u00f3n de la Bebida Nacional, cuentan con la producci\u00f3n de importantes y prestigiosos eventos, tales como <strong><em>Diplomatic Luxury Wines<\/em><\/strong>, primera feria de vinos alta gama reconocida con el <em>Best Of de Oro por las Great Wine Capitals<\/em>; <strong><em>The Winemakers<\/em><\/strong>, destacado concurso de vinos donde los profesionales de la industria eligen en una cata a ciegas los mejores vinos de Argentina. Tambi\u00e9n tienen en su haber la <strong><em>Ruta de las Burbujas<\/em><\/strong>, primera feria dedicada exclusivamente a los espumantes argentinos. Adem\u00e1s, cuentan con el desarrollo de actividades en diferentes partes del pa\u00eds: C\u00f3rdoba, San Juan, San Luis, Patagonia, por nombrar solo algunos.<\/p>\n\n\n\n<p><strong>Horarios de la feria: 19 a 23 hs. Para adquirir entradas:&nbsp;<\/strong><\/p>\n\n\n\n<p><strong>Horario del almuerzo: 12.30 hs. Horarios de las cenas: 20.30 hs&nbsp;<\/strong><\/p>\n\n\n\n<p><strong>Para adquirir ticket para las cenas, contactarse aqu\u00ed:<\/strong> <a href=\"https:\/\/wa.me\/5492615668662\">https:\/\/wa.me\/5492615668662<\/a>&nbsp;<\/p>\n\n\n\n<p><strong>Para m\u00e1s informaci\u00f3n y contacto con la organizaci\u00f3n, pueden comunicarse al mail: <\/strong><a href=\"mailto:winemgroup@gmail.com\"><strong>winemgroup@gmail.com<\/strong><\/a><\/p>\n\n\n\n<p><strong><em>Contacto de Prensa:<\/em><\/strong><strong>&nbsp;<\/strong><\/p>\n\n\n\n<p><strong>Natalia Alvarez + 54 9 11 5661 7880&nbsp;<\/strong><\/p>\n\n\n\n<p><strong>Andrea Albertano + 54 9 11 2167 5119<\/strong><\/p>\n","protected":false},"excerpt":{"rendered":"<p>Argentina Wine Experience es una gala que reunir\u00e1 lo mejor del vino argentino junto a una gastronom\u00eda de alt\u00edsimo nivel. Desde el lunes 11 de noviembre y, con el viernes&#8230;<\/p>\n","protected":false},"author":1,"featured_media":762,"comment_status":"open","ping_status":"open","sticky":false,"template":"","format":"standard","meta":{"footnotes":""},"categories":[216],"tags":[215],"class_list":["post-759","post","type-post","status-publish","format-standard","has-post-thumbnail","hentry","category-argentina-wine-experience","tag-argentina-wine-experience"],"_links":{"self":[{"href":"https:\/\/sommamato.com\/index.php?rest_route=\/wp\/v2\/posts\/759","targetHints":{"allow":["GET"]}}],"collection":[{"href":"https:\/\/sommamato.com\/index.php?rest_route=\/wp\/v2\/posts"}],"about":[{"href":"https:\/\/sommamato.com\/index.php?rest_route=\/wp\/v2\/types\/post"}],"author":[{"embeddable":true,"href":"https:\/\/sommamato.com\/index.php?rest_route=\/wp\/v2\/users\/1"}],"replies":[{"embeddable":true,"href":"https:\/\/sommamato.com\/index.php?rest_route=%2Fwp%2Fv2%2Fcomments&post=759"}],"version-history":[{"count":1,"href":"https:\/\/sommamato.com\/index.php?rest_route=\/wp\/v2\/posts\/759\/revisions"}],"predecessor-version":[{"id":763,"href":"https:\/\/sommamato.com\/index.php?rest_route=\/wp\/v2\/posts\/759\/revisions\/763"}],"wp:featuredmedia":[{"embeddable":true,"href":"https:\/\/sommamato.com\/index.php?rest_route=\/wp\/v2\/media\/762"}],"wp:attachment":[{"href":"https:\/\/sommamato.com\/index.php?rest_route=%2Fwp%2Fv2%2Fmedia&parent=759"}],"wp:term":[{"taxonomy":"category","embeddable":true,"href":"https:\/\/sommamato.com\/index.php?rest_route=%2Fwp%2Fv2%2Fcategories&post=759"},{"taxonomy":"post_tag","embeddable":true,"href":"https:\/\/sommamato.com\/index.php?rest_route=%2Fwp%2Fv2%2Ftags&post=759"}],"curies":[{"name":"wp","href":"https:\/\/api.w.org\/{rel}","templated":true}]}}