{"id":852,"date":"2025-01-25T01:26:51","date_gmt":"2025-01-25T01:26:51","guid":{"rendered":"https:\/\/sommamato.com\/?p=852"},"modified":"2025-01-25T01:26:52","modified_gmt":"2025-01-25T01:26:52","slug":"puerta-del-abra-presenta-la-nueva-anada-de-insolito-cabernet-franc-2020","status":"publish","type":"post","link":"https:\/\/sommamato.com\/?p=852","title":{"rendered":"Puerta del Abra presenta la nueva a\u00f1ada de Ins\u00f3lito Cabernet Franc 2020"},"content":{"rendered":"\n<p>Puerta del Abra, bodega de Balcarce conocida por su dedicaci\u00f3n a vinos de alta calidad y su respeto por el entorno, lanza al mercado la nueva a\u00f1ada de Ins\u00f3lito Cabernet Franc 2020. Este lanzamiento completa la vertical de tres a\u00f1adas disponibles para los amantes de este varietal.<\/p>\n\n\n\n<p><em>\u201cPadre del Cabernet Sauvignon, este cepaje es uno de los m\u00e1s plantados del mundo y protagonista en los cortes cl\u00e1sicos de Burdeos. En el vi\u00f1edo destaca por racimos uniformes y peque\u00f1as bayas azuladas que, aunque no muestran gran color, revelan aromas de especias, piracinas y fruta negra. En bodega sin embargo, nos sorprende con su color rub\u00ed brillante, complejidad arom\u00e1tica, estructura amable y gran capacidad de guarda\u201d expresa Delfina Pontaroli, en\u00f3loga de la bodega.&nbsp;<\/em><\/p>\n\n\n<div class=\"wp-block-image\">\n<figure class=\"aligncenter size-large is-resized\"><img loading=\"lazy\" decoding=\"async\" width=\"1024\" height=\"683\" src=\"https:\/\/sommamato.com\/wp-content\/uploads\/2025\/01\/DSC07604-01-1-1024x683.jpeg\" alt=\"\" class=\"wp-image-857\" style=\"width:476px;height:auto\" srcset=\"https:\/\/sommamato.com\/wp-content\/uploads\/2025\/01\/DSC07604-01-1-1024x683.jpeg 1024w, https:\/\/sommamato.com\/wp-content\/uploads\/2025\/01\/DSC07604-01-1-300x200.jpeg 300w, https:\/\/sommamato.com\/wp-content\/uploads\/2025\/01\/DSC07604-01-1-768x512.jpeg 768w, https:\/\/sommamato.com\/wp-content\/uploads\/2025\/01\/DSC07604-01-1-1536x1024.jpeg 1536w, https:\/\/sommamato.com\/wp-content\/uploads\/2025\/01\/DSC07604-01-1-2048x1365.jpeg 2048w\" sizes=\"auto, (max-width: 1024px) 100vw, 1024px\" \/><\/figure>\n<\/div>\n\n\n<p><\/p>\n\n\n\n<p>El Ins\u00f3lito Cabernet Franc 2020 ha sido criado durante 24 meses barricas de roble franc\u00e9s de varios usos, aportando profundidad, capas de sabor y una estructura elegante que define su car\u00e1cter \u00fanico.<\/p>\n\n\n\n<p>La prestigiosa revista Vinous calific\u00f3 a esta a\u00f1ada con 91 puntos, destac\u00e1ndolo como <em>\u201cun vino argentino al estilo Burdeos\u201d. <\/em>Adem\u00e1s, fue galardonado con la Medalla de Plata por la revista The Drinks Business, compitiendo entre los principales exponentes mundiales de la variedad.<\/p>\n\n\n\n<p><strong>Una experiencia para disfrutar y coleccionar<\/strong><\/p>\n\n\n\n<p>La a\u00f1ada 2020 se suma a las anteriores, formando una colecci\u00f3n que invita a explorar la expresi\u00f3n del Cabernet Franc en el exclusivo terroir de Balcarce. Esta vertical de tres a\u00f1adas: 2018 \u2013 2019 \u2013 2020 es una oportunidad para quienes buscan descubrir c\u00f3mo el tiempo y las condiciones clim\u00e1ticas de cada cosecha moldean el car\u00e1cter de este vino singular.<\/p>\n\n\n<div class=\"wp-block-image\">\n<figure class=\"aligncenter size-large is-resized\"><img loading=\"lazy\" decoding=\"async\" width=\"1024\" height=\"1024\" src=\"https:\/\/sommamato.com\/wp-content\/uploads\/2025\/01\/Vertical_CF_Feed-1-1024x1024.png\" alt=\"\" class=\"wp-image-854\" style=\"width:516px;height:auto\" srcset=\"https:\/\/sommamato.com\/wp-content\/uploads\/2025\/01\/Vertical_CF_Feed-1-1024x1024.png 1024w, https:\/\/sommamato.com\/wp-content\/uploads\/2025\/01\/Vertical_CF_Feed-1-300x300.png 300w, https:\/\/sommamato.com\/wp-content\/uploads\/2025\/01\/Vertical_CF_Feed-1-150x150.png 150w, https:\/\/sommamato.com\/wp-content\/uploads\/2025\/01\/Vertical_CF_Feed-1-768x767.png 768w, https:\/\/sommamato.com\/wp-content\/uploads\/2025\/01\/Vertical_CF_Feed-1-450x450.png 450w, https:\/\/sommamato.com\/wp-content\/uploads\/2025\/01\/Vertical_CF_Feed-1.png 1081w\" sizes=\"auto, (max-width: 1024px) 100vw, 1024px\" \/><\/figure>\n<\/div>\n\n\n<p><\/p>\n\n\n\n<p><strong>Nuevo Cap\u00edtulo en la historia de la bodega.&nbsp;<\/strong><\/p>\n\n\n\n<p>Puerta del Abra ha lanzado una partida limitada exclusiva para clientes de <strong>50 botellas de Albari\u00f1o <\/strong>y <strong>50 botellas de Chardonnay<\/strong> fermentados con <strong>levaduras nativas de sus vi\u00f1edos<\/strong>. Este proyecto, realizado en colaboraci\u00f3n con la Universidad Nacional de Mar del Plata y su \u00e1rea de Microbiolog\u00eda, busca explorar&nbsp;<\/p>\n\n\n\n<p>y aprovechar las levaduras propias del terroir. Esta iniciativa marca el inicio de una nueva etapa en la historia de la bodega: el uso de levaduras nativas para integrar el terru\u00f1o dentro de cada botella. Una apuesta por la autenticidad, la identidad e investigaci\u00f3n.&nbsp;<\/p>\n\n\n\n<p>Ins\u00f3lito Cabernet Franc 2020 disponible en venta directa de bodega con env\u00edo a todo el pa\u00eds.&nbsp;<\/p>\n\n\n<div class=\"wp-block-image\">\n<figure class=\"aligncenter size-large is-resized\"><img loading=\"lazy\" decoding=\"async\" width=\"1024\" height=\"682\" src=\"https:\/\/sommamato.com\/wp-content\/uploads\/2025\/01\/Paisaje-Puerta-del-Abra-1-1024x682.jpeg\" alt=\"\" class=\"wp-image-855\" style=\"width:425px;height:auto\" srcset=\"https:\/\/sommamato.com\/wp-content\/uploads\/2025\/01\/Paisaje-Puerta-del-Abra-1-1024x682.jpeg 1024w, https:\/\/sommamato.com\/wp-content\/uploads\/2025\/01\/Paisaje-Puerta-del-Abra-1-300x200.jpeg 300w, https:\/\/sommamato.com\/wp-content\/uploads\/2025\/01\/Paisaje-Puerta-del-Abra-1-768x512.jpeg 768w, https:\/\/sommamato.com\/wp-content\/uploads\/2025\/01\/Paisaje-Puerta-del-Abra-1.jpeg 1280w\" sizes=\"auto, (max-width: 1024px) 100vw, 1024px\" \/><\/figure>\n<\/div>","protected":false},"excerpt":{"rendered":"<p>Puerta del Abra, bodega de Balcarce conocida por su dedicaci\u00f3n a vinos de alta calidad y su respeto por el entorno, lanza al mercado la nueva a\u00f1ada de Ins\u00f3lito Cabernet&#8230;<\/p>\n","protected":false},"author":1,"featured_media":0,"comment_status":"open","ping_status":"open","sticky":false,"template":"","format":"standard","meta":{"footnotes":""},"categories":[83,246],"tags":[247,184],"class_list":["post-852","post","type-post","status-publish","format-standard","hentry","category-lanzamientos","category-puerta-del-abra","tag-bodega-puerta-del-abra","tag-cabernet-franc"],"_links":{"self":[{"href":"https:\/\/sommamato.com\/index.php?rest_route=\/wp\/v2\/posts\/852","targetHints":{"allow":["GET"]}}],"collection":[{"href":"https:\/\/sommamato.com\/index.php?rest_route=\/wp\/v2\/posts"}],"about":[{"href":"https:\/\/sommamato.com\/index.php?rest_route=\/wp\/v2\/types\/post"}],"author":[{"embeddable":true,"href":"https:\/\/sommamato.com\/index.php?rest_route=\/wp\/v2\/users\/1"}],"replies":[{"embeddable":true,"href":"https:\/\/sommamato.com\/index.php?rest_route=%2Fwp%2Fv2%2Fcomments&post=852"}],"version-history":[{"count":1,"href":"https:\/\/sommamato.com\/index.php?rest_route=\/wp\/v2\/posts\/852\/revisions"}],"predecessor-version":[{"id":858,"href":"https:\/\/sommamato.com\/index.php?rest_route=\/wp\/v2\/posts\/852\/revisions\/858"}],"wp:attachment":[{"href":"https:\/\/sommamato.com\/index.php?rest_route=%2Fwp%2Fv2%2Fmedia&parent=852"}],"wp:term":[{"taxonomy":"category","embeddable":true,"href":"https:\/\/sommamato.com\/index.php?rest_route=%2Fwp%2Fv2%2Fcategories&post=852"},{"taxonomy":"post_tag","embeddable":true,"href":"https:\/\/sommamato.com\/index.php?rest_route=%2Fwp%2Fv2%2Ftags&post=852"}],"curies":[{"name":"wp","href":"https:\/\/api.w.org\/{rel}","templated":true}]}}