{"id":867,"date":"2025-01-28T15:35:52","date_gmt":"2025-01-28T15:35:52","guid":{"rendered":"https:\/\/sommamato.com\/?p=867"},"modified":"2025-02-05T16:01:33","modified_gmt":"2025-02-05T16:01:33","slug":"ruta-del-agua-de-alta-montana-de-eco-de-los-andes","status":"publish","type":"post","link":"https:\/\/sommamato.com\/?p=867","title":{"rendered":"RUTA DEL AGUA DE ALTA MONTA\u00d1A DE ECO DE LOS ANDES."},"content":{"rendered":"\n<h2 class=\"wp-block-heading has-text-align-center\">RUTA DEL AGUA DE ALTA MONTA\u00d1A DE ECO DE LOS ANDES.<br>C\u00d3MO ES LA EXPERIENCIA QUE CELEBRA LA CONEXI\u00d3N ENTRE LA ALTA GASTRONOM\u00cdA Y LA PUREZA DEL AGUA DE ALTA MONTA\u00d1A<\/h2>\n\n\n\n<p><strong>Hacia fines de enero del 2025,  comienza\u00a0<\/strong><strong>la Ruta del Agua de Alta Monta\u00f1a de Eco de los Andes<\/strong><strong>, un evento itinerante que\u00a0<\/strong><strong>durante febrero<\/strong><strong>\u00a0recorrer\u00e1 la\u00a0<\/strong><strong>Costa Atl\u00e1ntica, Patagonia, Buenos Aires y Mendoza<\/strong><strong>. Con origen a m\u00e1s de cinco mil metros de altura en la Cordillera de los Andes,\u00a0<\/strong><strong>el agua de alta monta\u00f1a realiz\u00f3 una alianza con diferentes restaurantes de estas cuatro regiones para maridar uno de sus platos de autor con un buen vino y el agua Eco de los Andes, para potenciar la experiencia gastron\u00f3mica.<\/strong><\/p>\n\n\n<div class=\"wp-block-image\">\n<figure class=\"aligncenter size-large is-resized\"><img loading=\"lazy\" decoding=\"async\" width=\"1024\" height=\"683\" src=\"https:\/\/sommamato.com\/wp-content\/uploads\/2025\/01\/unnamed-2025-01-28T122614.297-1024x683.jpg\" alt=\"\" class=\"wp-image-868\" style=\"width:510px;height:auto\" srcset=\"https:\/\/sommamato.com\/wp-content\/uploads\/2025\/01\/unnamed-2025-01-28T122614.297-1024x683.jpg 1024w, https:\/\/sommamato.com\/wp-content\/uploads\/2025\/01\/unnamed-2025-01-28T122614.297-300x200.jpg 300w, https:\/\/sommamato.com\/wp-content\/uploads\/2025\/01\/unnamed-2025-01-28T122614.297-768x512.jpg 768w, https:\/\/sommamato.com\/wp-content\/uploads\/2025\/01\/unnamed-2025-01-28T122614.297-1536x1024.jpg 1536w, https:\/\/sommamato.com\/wp-content\/uploads\/2025\/01\/unnamed-2025-01-28T122614.297-2048x1365.jpg 2048w\" sizes=\"auto, (max-width: 1024px) 100vw, 1024px\" \/><\/figure>\n<\/div>\n\n\n<p><strong>Durante <\/strong><strong>la primera semana de febrero<\/strong><strong>,&nbsp;<\/strong><strong>la Ruta del Agua de Alta Monta\u00f1a <\/strong><strong>de Eco de los Andes recorrer\u00e1 la&nbsp;<\/strong><strong>Costa Atl\u00e1ntica<\/strong><strong>:&nbsp;<\/strong><strong>Socarrat<\/strong><strong>Miramar<\/strong><strong>&nbsp;y&nbsp;<\/strong><strong>Socarrat Al Mar<\/strong><strong>&nbsp;ofrecer\u00e1n Arroz en Paella de monta\u00f1a -arroz de cordero patag\u00f3nico, vino Malbec y remolachas al rescoldo-; y&nbsp;<\/strong><strong>Olivo<\/strong><strong>, en Pinamar, el cl\u00e1sico y famoso risotto del chef&nbsp;<\/strong><strong>Dante Liporace<\/strong><strong>&nbsp;en su versi\u00f3n de mar: arroz italiano, mix de quesos de la casa, panceta, tinta de calamar y langostinos thai. En Mar del Plata,&nbsp;<\/strong><strong>Corte y Confecci\u00f3n<\/strong><strong>&nbsp;estar\u00e1 con un Lenguado con alcaparras y polvo de aceitunas; y&nbsp;<\/strong><strong>Albufera <\/strong><strong>en Mar Chiquita, presentar\u00e1 un Tiradito de pesca blanca con queso petit suisse, vinagreta de salicornias y tomates de \u00e1rbol y Arroz en paella de mar y monta\u00f1a, con alioli de ajos ahumados y curry salvaje.<\/strong><\/p>\n\n\n\n<p><strong>La segunda semana<\/strong><strong>&nbsp;ser\u00e1 el turno de la&nbsp;<\/strong><strong>Ruta Patag\u00f3nica<\/strong><strong>:&nbsp;<\/strong><strong>Brazarte<\/strong><strong>, en Bariloche, propondr\u00e1 una Trucha -pez emblema de lagos y r\u00edos patag\u00f3nicos- con pesto de tomates secos, ajos dulces, vegetales de estaci\u00f3n y espuma de yemas ahumadas. En Neuqu\u00e9n,&nbsp;<\/strong><strong>La Ruta del Agua de Alta Monta\u00f1a<\/strong><strong>&nbsp;estar\u00e1 en&nbsp;<\/strong><strong>Saurus<\/strong><strong>, el restaurante de la&nbsp;<\/strong><strong>Bodega Schroeder<\/strong><strong>, y en&nbsp;<\/strong><strong>La Toscana<\/strong><strong>, que ofrecer\u00e1 una Ensalada reliquia con mozzarella fresca hilada en el d\u00eda con albahaca y aceite de oliva y Raclette con papa aplastada, huevo a la chapa, pickles de zucchini y panceta crocante, entre otras opciones. Su cocinero,&nbsp;<\/strong><strong>Mauricio Couly<\/strong><strong>, cuenta que&nbsp;<\/strong><em>\u201cEsta iniciativa de Eco de los Andes promueve la apreciaci\u00f3n del entorno natural y la relaci\u00f3n entre el agua pura de monta\u00f1a y los platos como la trucha, el cordero y los quesos destacan la gastronom\u00eda local. Estos platos no solo reflejan la riqueza cultural de la regi\u00f3n, sino tambi\u00e9n hacen un maridaje perfecto con la frescura y pureza del agua\u201d<\/em><strong>.<\/strong><\/p>\n\n\n\n<p><strong>En Traful, m\u00e1s precisamente en <\/strong><strong>Hotel Traful<\/strong><strong>, se podr\u00e1n degustar las Empanadas de trucha en masa de harina \u00f1aco -un ingrediente ancestral mapuche- y un Goulash de ciervo, carne magra y sabrosa t\u00edpica del bosque neuquino, que fusiona la t\u00e9cnica europea con la gastronom\u00eda local. \u201c<\/strong><em>Eco de los Andes permite disfrutar de los contrastes de la trucha suave y la masa terrosa del \u00f1aco. Y con el goulash ayuda a equilibrar el sabor intenso de las especias y la carne del ciervo\u201d<\/em><strong>, dice el chef <\/strong><strong>Emanuel Antimi<\/strong><strong>.<\/strong><\/p>\n\n\n\n<p><strong>Gracias a su proceso de filtrado natural por las rocas de la monta\u00f1a, <\/strong><strong>Eco de los Andes <\/strong><strong>garantiza un agua pura y liviana, consolid\u00e1ndose como el complemento ideal para potenciar experiencias culinarias de primer nivel. Su balance perfecto de minerales realza los sabores y logra una armon\u00eda inmejorable con vinos y platos de autor. Desde hace m\u00e1s de 20 a\u00f1os, la&nbsp;<\/strong><strong>Escuela Argentina de Sommeliers <\/strong><strong>reconoce a Eco de los Andes como el agua ideal para elevar experiencias gastron\u00f3micas.<\/strong><\/p>\n\n\n\n<p><em>\u201cEn cada espacio gastron\u00f3mico habr\u00e1 un sommelier encargado de detallar a los comensales las caracter\u00edsticas t\u00e9cnicas y las propiedades \u00fanicas de Eco de los Andes, el agua de alta monta\u00f1a ideal para llevar la experiencia gastron\u00f3mica a otro nivel\u201d<\/em><strong>, cuenta <\/strong><strong>Carolina Santillan<\/strong><strong>, Gerente de Marketing &amp; Innovaci\u00f3n de Eco Aguas y Bebidas Saludables.&nbsp;<\/strong><\/p>\n\n\n\n<p><strong>La siguiente parada ser\u00e1 en <\/strong><strong>Buenos Aires<\/strong><strong>,&nbsp;<\/strong><strong>la tercera semana de febrero<\/strong><strong>. El exclusivo&nbsp;<\/strong><strong>Ajo Negro<\/strong><strong>&nbsp;tendr\u00e1 como protagonista la riqueza del Mar Argentino: Navajas patag\u00f3nicas preparadas sobre su&nbsp;balba en cocci\u00f3n muy corta y llama fuerte en parrilla de l\u00ednea de quebracho -que aporta ahumado- lo que logra un plato jugoso y tierno, acompa\u00f1ado con una Gremolata de almendras. \u201c<\/strong><em>Con este plato buscamos hacer hincapi\u00e9 en la soberan\u00eda de nuestro mar y educar sobre la variedad de materia prima que tenemos. Valorarnos m\u00e1s y abrir el consumo interno de estos productos<\/em><strong>\u201d, dice su cocinero, <\/strong><strong>Emanuel Alvarez<\/strong><strong>.<\/strong><\/p>\n\n\n\n<p><strong>Raix<\/strong><strong>&nbsp;ofrecer\u00e1 Gazpacho de tomates, con tomates reliquia y pangrattato; y Empanadas de monta\u00f1a de cordero braseado al horno de le\u00f1a con salsa de variedades de tomates mendocinos, plato identitario de la zona monta\u00f1osa.&nbsp;<\/strong><em>\u201cLo sumamente interesante de participar en esta acci\u00f3n es promover el producto argentino. La Ruta del Agua de Alta Monta\u00f1a que propone Eco de los Andes es la revaloraci\u00f3n de la regi\u00f3n, de los productos y sus cuencas acu\u00edferas\u201d<\/em><strong>, <\/strong><strong>dicen sus chefs&nbsp;<\/strong><strong>Hernan Sondereguer<\/strong><strong>,&nbsp;<\/strong><strong>Camila Vilas<\/strong><strong>&nbsp;y&nbsp;<\/strong><strong>Santiago Simoni<\/strong><strong>.<\/strong><\/p>\n\n\n\n<p><strong>Tambi\u00e9n en Buenos Aires, estar\u00e1 <\/strong><strong>Fico<\/strong><strong>&nbsp;con Mollejas a las brasas, choclo y crema de verdeo.&nbsp;<\/strong><em>\u201cParticipar de La Ruta del Agua de Alta Monta\u00f1a nos brinda una oportunidad para que nuestro comensal se informe y comprenda el valor que tiene tomar agua de calidad. Es la ocasi\u00f3n de llevar la informaci\u00f3n sobre los beneficios y la importancia de cuidar lo que tomamos\u201d<\/em><strong>, dice <\/strong><strong>Ignacio Feibelmann<\/strong><strong>, chef de&nbsp;<\/strong><strong>Carmen Pasta<\/strong><strong>, que preparar\u00e1 un men\u00fa de Tortelli de hongos ahumados con beurre blanc de Chenin y aceite de hierbas. Adem\u00e1s, participar\u00e1n<\/strong><strong> Treintasillas<\/strong><strong>&nbsp;y<\/strong><strong> Farid, <\/strong><strong>con una Trucha curada y molida, cebolla, alcaparras, zumaque y crocante de trigo burgol.<\/strong><\/p>\n\n\n\n<p><strong>La \u00faltima semana de febrero<\/strong><strong>,&nbsp;<\/strong><strong>La Ruta del Agua de Alta Monta\u00f1a<\/strong><strong>&nbsp;llegar\u00e1 a&nbsp;<\/strong><strong>Mendoza<\/strong><strong>, en la previa de la Fiesta de la Vendimia. Los espacios que participar\u00e1n son el restaurante&nbsp;<\/strong><strong>Dante <\/strong><strong>de la<\/strong><strong> Bodega Dante Robino <\/strong><strong>y&nbsp;<\/strong><strong>Chiriv\u00eda<\/strong><strong>, de la hermosa zona de Potrerillos, con una experiencia incre\u00edble y un men\u00fa de pasos.&nbsp;<\/strong><\/p>\n\n\n\n<p><strong>Adem\u00e1s, en Ciudad de Mendoza, estar\u00e1 en <\/strong><strong>Centauro<\/strong><strong>&nbsp;y&nbsp;<\/strong><strong>Flor del desierto<\/strong><strong>&nbsp;que crearon platos que celebran ingredientes e historias de la Cordillera de los Andes, alineados con la esencia de la marca.&nbsp;<\/strong><em>\u201cCada ingrediente que elegimos nos invita a entender no s\u00f3lo qu\u00e9 comemos, sino tambi\u00e9n c\u00f3mo lo hacemos. Puente del Inca, el nombre que le dimos a nuestro men\u00fa dise\u00f1ado especialmente, son Gyozas rellenas de crema de choclos, pimientos ahumados y aj\u00edes lactofermentados, acompa\u00f1adas de Api crocante y pochoclo agridulce. Es un plato que celebra el ma\u00edz, alimento sagrado y emblema de nuestra identidad sudamericana\u201d<\/em><strong>, cuenta <\/strong><strong>Diego Tapia<\/strong><strong>, chef de&nbsp;<\/strong><strong>Centauro<\/strong><strong>.<\/strong><strong> <\/strong><strong>Por su lado, <\/strong><strong>Flor del Desierto<\/strong><strong>&nbsp;propone un Chorizo artesanal de trucha, complementado con un fermento de v\u00edsceras inspirado en el garum romano, que refleja un enfoque de aprovechamiento total y respeto por los ingredientes.&nbsp;<\/strong><em>\u201cEs un plato que encarna la frescura y la calidad de los productos locales, enfatizando la conexi\u00f3n con las comunidades y el medio ambiente\u201d<\/em><strong>, dice <\/strong><strong>Aris Pab\u00f3n<\/strong><strong>, su cocinero.<\/strong><\/p>\n\n\n\n<p><strong>Eco de los Andes es agua premium de Alta Monta\u00f1a que garantiza calidad y pureza, perfecta para enaltecer las experiencias gastron\u00f3micas. Al ser liviana, realza los sabores y permite la armon\u00eda ideal con platos de autor y vinos de especialidad.<\/strong><\/p>\n\n\n\n<p><br><strong>Para m\u00e1s informaci\u00f3n acerca del recorrido y fechas visitar&nbsp;<\/strong><strong><a href=\"https:\/\/tr171288030.amprensaydifusion.com.ar\/c\/8k5dr\/x8cwx2nt\/zr8nkzpyb7o\" target=\"_blank\" rel=\"noreferrer noopener\"><strong>https:\/\/www.instagram.com\/ecodelosandes<\/strong><\/a><\/strong><\/p>\n\n\n<div class=\"wp-block-image\">\n<figure class=\"aligncenter size-large is-resized\"><img loading=\"lazy\" decoding=\"async\" width=\"1024\" height=\"683\" src=\"https:\/\/sommamato.com\/wp-content\/uploads\/2025\/01\/unnamed-2025-01-28T122739.154-1024x683.jpg\" alt=\"\" class=\"wp-image-869\" style=\"width:589px;height:auto\" srcset=\"https:\/\/sommamato.com\/wp-content\/uploads\/2025\/01\/unnamed-2025-01-28T122739.154-1024x683.jpg 1024w, https:\/\/sommamato.com\/wp-content\/uploads\/2025\/01\/unnamed-2025-01-28T122739.154-300x200.jpg 300w, https:\/\/sommamato.com\/wp-content\/uploads\/2025\/01\/unnamed-2025-01-28T122739.154-768x512.jpg 768w, https:\/\/sommamato.com\/wp-content\/uploads\/2025\/01\/unnamed-2025-01-28T122739.154.jpg 1168w\" sizes=\"auto, (max-width: 1024px) 100vw, 1024px\" \/><\/figure>\n<\/div>\n\n\n<p><strong><u>La Ruta del Agua de Alta Monta\u00f1a en COSTA ATL\u00c1NTICA \u2013 del 3 al 9 de febrero<\/u><\/strong><\/p>\n\n\n\n<p><strong>OLIVO<\/strong>&nbsp;(Av. Bunge 250, Hotel Playas, Pinamar)<\/p>\n\n\n\n<ul class=\"wp-block-list\">\n<li>Risotto del chef Dante Liporace en versi\u00f3n de mar. Arroz italiano, mix de quesos de la casa.\u00a0Panceta, tinta de calamar y langostinos thai<\/li>\n<\/ul>\n\n\n\n<p>Chef:&nbsp;<strong>Dante Liporace<\/strong><\/p>\n\n\n\n<p>IG: @<a href=\"https:\/\/tr171288030.amprensaydifusion.com.ar\/c\/8k5dr\/x8cwx2nt\/dzdcw0taxpg\" target=\"_blank\" rel=\"noreferrer noopener\">olivo.pastas<\/a><\/p>\n\n\n\n<p><strong>CORTE Y CONFECCI\u00d3N<\/strong>&nbsp;(Castelli 2720, Mar del Plata)<\/p>\n\n\n\n<ul class=\"wp-block-list\">\n<li>Lenguado con salteado de alcaparras, tomates cherry y polvo de aceitunas negras sobre papas panaderas.<\/li>\n<\/ul>\n\n\n\n<p>Chef:&nbsp;<strong>Esteban Borione<\/strong><\/p>\n\n\n\n<p>IG: @<a href=\"https:\/\/tr171288030.amprensaydifusion.com.ar\/c\/8k5dr\/x8cwx2nt\/y5hpysjtwpe\" target=\"_blank\" rel=\"noreferrer noopener\">corteyconfeccion.restaurante<\/a><\/p>\n\n\n\n<p><strong>SOCARRAT MIRAMAR<\/strong>&nbsp;(Calle 23, nro. 899, Miramar)<\/p>\n\n\n\n<ul class=\"wp-block-list\">\n<li>Arroz en paella de monta\u00f1a. Arroz de cordero patag\u00f3nico, vino Malbec y remolachas al rescoldo.<\/li>\n<\/ul>\n\n\n\n<p>Chef:&nbsp;<strong>Juani Kitlein<\/strong><\/p>\n\n\n\n<p>IG: @<a href=\"https:\/\/tr171288030.amprensaydifusion.com.ar\/c\/8k5dr\/x8cwx2nt\/l6pbyeblrro\" target=\"_blank\" rel=\"noreferrer noopener\">socarrat.miramar<\/a><\/p>\n\n\n\n<p><strong>SOCARRAT AL MAR<\/strong>&nbsp;(Parador Calamar Loco, Chapadmalal)<\/p>\n\n\n\n<ul class=\"wp-block-list\">\n<li>Arroz en paella de monta\u00f1a. Arroz de cordero patag\u00f3nico, vino Malbec y remolachas al rescoldo.<\/li>\n<\/ul>\n\n\n\n<p>Chef:&nbsp;<strong>Juani Kitlein<\/strong><\/p>\n\n\n\n<p>IG:&nbsp;<a href=\"https:\/\/tr171288030.amprensaydifusion.com.ar\/c\/8k5dr\/x8cwx2nt\/n737f8r-wo0\" target=\"_blank\" rel=\"noreferrer noopener\">@<\/a><a href=\"https:\/\/tr171288030.amprensaydifusion.com.ar\/c\/8k5dr\/x8cwx2nt\/wwkmcb6ldgy\" target=\"_blank\" rel=\"noreferrer noopener\">socarratalmar<\/a><\/p>\n\n\n\n<p><strong>ALBUFERA<\/strong>&nbsp;(Trieste 701, Mar Chiquita)&nbsp;<\/p>\n\n\n\n<ul class=\"wp-block-list\">\n<li>Tiradito de pesca blanca, con queso petit suisse, vinagreta de salicornias y tomates de \u00e1rbol.\u00a0<\/li>\n\n\n\n<li>Arroz en paella de mar y monta\u00f1a con alioli de ajos ahumados y curry salvaje.<\/li>\n<\/ul>\n\n\n\n<p>Chef:&nbsp;<strong>Carlos Barrera<\/strong><\/p>\n\n\n\n<p>IG:&nbsp;<a href=\"https:\/\/tr171288030.amprensaydifusion.com.ar\/c\/8k5dr\/x8cwx2nt\/9ddtiztzxo0\" target=\"_blank\" rel=\"noreferrer noopener\">@<\/a><a href=\"https:\/\/tr171288030.amprensaydifusion.com.ar\/c\/8k5dr\/x8cwx2nt\/njcn-vgxl74\" target=\"_blank\" rel=\"noreferrer noopener\">albufera.restaurante&nbsp;<\/a><\/p>\n\n\n\n<p><strong><u>La Ruta del Agua de Alta Monta\u00f1a en la PATAGONIA \u2013 del 10 al 16 de febrero<\/u><\/strong><\/p>\n\n\n\n<p><strong>LA TOSCANA<\/strong>&nbsp;(Juan Juli\u00e1n Lastra 176, Neuqu\u00e9n)<\/p>\n\n\n\n<p>&#8211; Ensalada de tomates reliquia con mozzarella fresca hilada con albahaca y oliva.&nbsp;<\/p>\n\n\n\n<p>&#8211; Raclette patag\u00f3nica con papa aplastada, huevo a la chapa, pickles de zucchini y panceta crocante.<\/p>\n\n\n\n<p>&#8211; Trucha al horno de barro con papas papel, crema fresca, hierbas y cebolla morada.&nbsp;<\/p>\n\n\n\n<p>&#8211; Paleta de corderito patag\u00f3nico al horno de barro con salsa raita, ensalada de lentejas y queso feta.&nbsp;<\/p>\n\n\n\n<p>&#8211; Carro de quesos Ventimiglia con dulces artesanales.<\/p>\n\n\n\n<p>&#8211; Trilog\u00eda de panqueques con dulce de leche de oveja, cabra y vaca con helado de coco.<\/p>\n\n\n\n<p>Chef:&nbsp;<strong>Mauricio Couly<\/strong><\/p>\n\n\n\n<p>IG: @<a href=\"https:\/\/tr171288030.amprensaydifusion.com.ar\/c\/8k5dr\/x8cwx2nt\/bbdfxs9log4\" target=\"_blank\" rel=\"noreferrer noopener\">latoscanarestaurante<\/a><\/p>\n\n\n\n<p><strong>HOTEL TRAFUL<\/strong>&nbsp;(Ruta Provincial 65, km 37, Villa Traful, Neuqu\u00e9n)<\/p>\n\n\n\n<ul class=\"wp-block-list\">\n<li>Empanada de trucha con masa de harina de \u00f1aco<\/li>\n\n\n\n<li>Goulash de ciervo.<\/li>\n<\/ul>\n\n\n\n<p>Chef:&nbsp;<strong>Emanuel Antimi<\/strong><\/p>\n\n\n\n<p>IG:&nbsp;<a href=\"https:\/\/tr171288030.amprensaydifusion.com.ar\/c\/8k5dr\/x8cwx2nt\/ohhryjacsqm\" target=\"_blank\" rel=\"noreferrer noopener\">&nbsp;@hotelaltotraful<\/a><\/p>\n\n\n\n<p><strong>BRAZARTE<\/strong>&nbsp;(Hotel Sheraton Bariloche. Salta 511, San Carlos de Bariloche, R\u00edo Negro)<\/p>\n\n\n\n<ul class=\"wp-block-list\">\n<li>Trucha, pesto de tomates secos, ajos dulces, vegetales de estaci\u00f3n y espuma de yemas ahumadas.<\/li>\n<\/ul>\n\n\n\n<p>Chefs:&nbsp;<strong>An\u00edbal Ram\u00edrez<\/strong>&nbsp;y&nbsp;<strong>Patricio Valdebenito<\/strong><\/p>\n\n\n\n<p>IG: @<a href=\"https:\/\/tr171288030.amprensaydifusion.com.ar\/c\/8k5dr\/x8cwx2nt\/p7vdjawfbts\" target=\"_blank\" rel=\"noreferrer noopener\">brazarte.patagonia<\/a><\/p>\n\n\n\n<p><strong>SAURUS DE BODEGA SCHROEDER<\/strong>&nbsp;(Calle 7 norte, San Patricio del Cha\u00f1ar, Neuqu\u00e9n)<\/p>\n\n\n\n<p>Chef:&nbsp;<strong>Ezequiel Gonz\u00e1lez<\/strong><\/p>\n\n\n\n<p>IG: @<a href=\"https:\/\/tr171288030.amprensaydifusion.com.ar\/c\/8k5dr\/x8cwx2nt\/-2fnia0-7oy\" target=\"_blank\" rel=\"noreferrer noopener\">schroederwines<\/a><\/p>\n\n\n\n<p><strong><u>La Ruta del Agua de Alta Monta\u00f1a en BUENOS AIRES \u2013 del 17 al 23 de febrero<\/u><\/strong><\/p>\n\n\n\n<p><strong>TREINTASILLAS<\/strong>&nbsp;(Freire al 700, CABA (es a puertas cerradas). Abre jueves, viernes y s\u00e1bado.<\/p>\n\n\n\n<ul class=\"wp-block-list\">\n<li>Straciatella. Durazno. Zucchini. R\u00facula. Almendras.<\/li>\n\n\n\n<li>Raviol. Hongos. Tomillo. Lim\u00f3n. Arvejas.<\/li>\n\n\n\n<li>Cordero. Papa. Hinojos. Menta.<\/li>\n\n\n\n<li>Higos. Chocolate. Nuez.<\/li>\n<\/ul>\n\n\n\n<p>Chef:&nbsp;<strong>Ezequiel Gallardo<\/strong><\/p>\n\n\n\n<p>IG:&nbsp;<a href=\"https:\/\/tr171288030.amprensaydifusion.com.ar\/c\/8k5dr\/x8cwx2nt\/jlxv54b42zy\" target=\"_blank\" rel=\"noreferrer noopener\">@treintasillas<\/a><\/p>\n\n\n\n<p><strong>RAIX<\/strong>&nbsp;(Asunci\u00f3n 4405, CABA)<\/p>\n\n\n\n<ul class=\"wp-block-list\">\n<li>Gazpacho de tomates, con tomates reliquia y pangrattato.<\/li>\n\n\n\n<li>Empanadas de monta\u00f1a. Dos Empanadas de cordero braseado al horno de le\u00f1a.\u00a0<\/li>\n<\/ul>\n\n\n\n<p>Chefs:&nbsp;<strong>Hern\u00e1n Sondereguer<\/strong>,&nbsp;<strong>Camila Vilas<\/strong>&nbsp;y&nbsp;<strong>Santiago Simoni<\/strong><\/p>\n\n\n\n<p>IG:&nbsp;<a href=\"https:\/\/tr171288030.amprensaydifusion.com.ar\/c\/8k5dr\/x8cwx2nt\/9xydcarvnme\" target=\"_blank\" rel=\"noreferrer noopener\">@raix.ba<\/a><\/p>\n\n\n\n<p><strong>AJO NEGRO&nbsp;<\/strong>(Av. C\u00f3rdoba 6237, CABA)<\/p>\n\n\n\n<ul class=\"wp-block-list\">\n<li>Navajas patag\u00f3nicas con Gremolata de almendras.<\/li>\n<\/ul>\n\n\n\n<p>Chef:&nbsp;<strong>Emanuel \u00c1lvarez<\/strong><\/p>\n\n\n\n<p>IG:&nbsp;<a href=\"https:\/\/tr171288030.amprensaydifusion.com.ar\/c\/8k5dr\/x8cwx2nt\/mau4dqhjgmu\" target=\"_blank\" rel=\"noreferrer noopener\">@ajonegrobar<\/a><\/p>\n\n\n\n<p><strong>CARMEN PASTA<\/strong>&nbsp;(Gurruchaga 1428, CABA)<\/p>\n\n\n\n<ul class=\"wp-block-list\">\n<li>Tortelli de hongos ahumados con beurre blanc de Chenin.<\/li>\n<\/ul>\n\n\n\n<p>Chef:&nbsp;<strong>Ignacio Feibelmann<\/strong><\/p>\n\n\n\n<p>IG:&nbsp;<a href=\"https:\/\/tr171288030.amprensaydifusion.com.ar\/c\/8k5dr\/x8cwx2nt\/2vplom-8k9a\" target=\"_blank\" rel=\"noreferrer noopener\">@carmen.pasta<\/a><\/p>\n\n\n\n<p><strong>FARID<\/strong>&nbsp;(Francisco de Enciso 3791, CABA)<\/p>\n\n\n\n<ul class=\"wp-block-list\">\n<li>Trucha curada y molida, cebolla, alcaparras, zumaque y crocante de trigo burgol.<\/li>\n<\/ul>\n\n\n\n<p>Chef:&nbsp;<strong>Malcom Lancioni<\/strong><\/p>\n\n\n\n<p>IG:&nbsp;<a href=\"https:\/\/tr171288030.amprensaydifusion.com.ar\/c\/8k5dr\/x8cwx2nt\/utt5rer50aw\" target=\"_blank\" rel=\"noreferrer noopener\">@farid.dvt<\/a><\/p>\n\n\n\n<p><strong>FICO<\/strong>&nbsp;(Mu\u00f1ecas 775, CABA)<\/p>\n\n\n\n<ul class=\"wp-block-list\">\n<li>Mollejas a las brasas, choclo y crema de verdeo.<\/li>\n<\/ul>\n\n\n\n<p>Chefs:&nbsp;<strong>Estefan\u00eda Maiorano<\/strong>&nbsp;y&nbsp;<strong>Martin Sclippa<\/strong><\/p>\n\n\n\n<p>IG:&nbsp;<a href=\"https:\/\/tr171288030.amprensaydifusion.com.ar\/c\/8k5dr\/x8cwx2nt\/8a7zryc2vm4\" target=\"_blank\" rel=\"noreferrer noopener\">@fico.ba<\/a><\/p>\n\n\n\n<p><strong><u>La Ruta del Agua de Alta Monta\u00f1a en MENDOZA \u2013 del 24 de febrero al 2 de marzo<\/u><\/strong><\/p>\n\n\n\n<p><strong>CENTAURO<\/strong>&nbsp;(Per\u00fa 1156, Ciudad de Mendoza)<\/p>\n\n\n\n<ul class=\"wp-block-list\">\n<li>Puente del Inca. Gyozas rellenas de crema de choclos, pimientos ahumados y aj\u00edes lactofermentados, acompa\u00f1adas de Api crocante y pochoclo agridulce.<\/li>\n<\/ul>\n\n\n\n<p>Chef:&nbsp;<strong>Diego Tapia<\/strong><\/p>\n\n\n\n<p>IG:&nbsp;<a href=\"https:\/\/tr171288030.amprensaydifusion.com.ar\/c\/8k5dr\/x8cwx2nt\/elxhlvkmo2i\" target=\"_blank\" rel=\"noreferrer noopener\">@centauro.restaurante<\/a><\/p>\n\n\n\n<p><strong>CHIRIV\u00cdA<\/strong>&nbsp;(Potrerillos, Mendoza) &#8211;&nbsp;<strong>Del 28 de febrero al 4 de marzo.<\/strong><\/p>\n\n\n\n<ul class=\"wp-block-list\">\n<li>Experiencia, men\u00fa de 10 pasos:\u00a0<\/li>\n<\/ul>\n\n\n\n<p>Zanahoria Textura<\/p>\n\n\n\n<p>Sushi<\/p>\n\n\n\n<p>Vainas<\/p>\n\n\n\n<p>Hongos<\/p>\n\n\n\n<p>Croqueta<\/p>\n\n\n\n<p>Polenta &amp; Langostinos<\/p>\n\n\n\n<p>Tortilla de papa<\/p>\n\n\n\n<p>Entra\u00f1a &amp; Provoleta<\/p>\n\n\n\n<p>Trucha<\/p>\n\n\n\n<p>Dulce<\/p>\n\n\n\n<p>Chefs:&nbsp;<strong>Cesar Montes de Oca<\/strong>&nbsp;y&nbsp;<strong>Benjam\u00edn Montes de Oca<\/strong><\/p>\n\n\n\n<p>IG:&nbsp;<a href=\"https:\/\/tr171288030.amprensaydifusion.com.ar\/c\/8k5dr\/x8cwx2nt\/t0hqiyqwdzs\" target=\"_blank\" rel=\"noreferrer noopener\">@_chirivia<\/a><\/p>\n\n\n\n<p><strong>FLOR DEL DESIERTO<\/strong>&nbsp;(Sarmiento 681, Ciudad de Mendoza)<\/p>\n\n\n\n<ul class=\"wp-block-list\">\n<li>Chori de Trucha.<\/li>\n<\/ul>\n\n\n\n<p>Chef:&nbsp;<strong>Aris Pab\u00f3n<\/strong><br>IG: @<a href=\"https:\/\/tr171288030.amprensaydifusion.com.ar\/c\/8k5dr\/x8cwx2nt\/wrl-bdt8kf4\" target=\"_blank\" rel=\"noreferrer noopener\">flordeldesierto.restaurante<\/a><\/p>\n\n\n\n<p><strong>DANTE DE LA BODEGA DANTE ROBINO<\/strong>&nbsp;(Quintana 375, Perdriel, Mendoza)<\/p>\n\n\n\n<p>IG:&nbsp;<a href=\"https:\/\/tr171288030.amprensaydifusion.com.ar\/c\/8k5dr\/x8cwx2nt\/pzwmjz1sljc\" target=\"_blank\" rel=\"noreferrer noopener\">@bodegadanterobino<\/a><\/p>\n\n\n\n<p><strong>Para m\u00e1s informaci\u00f3n acerca del recorrido y fechas visitar&nbsp;<\/strong><a href=\"https:\/\/tr171288030.amprensaydifusion.com.ar\/c\/8k5dr\/x8cwx2nt\/tgnldpkygsy\" target=\"_blank\" rel=\"noreferrer noopener\"><strong>https:\/\/www.instagram.com\/ecodelosandes&nbsp;<\/strong><\/a><\/p>\n\n\n<div class=\"wp-block-image\">\n<figure class=\"aligncenter size-large is-resized\"><img loading=\"lazy\" decoding=\"async\" width=\"1024\" height=\"683\" src=\"https:\/\/sommamato.com\/wp-content\/uploads\/2025\/01\/unnamed-2025-01-28T122753.049-1024x683.jpg\" alt=\"\" class=\"wp-image-870\" style=\"width:338px;height:auto\" srcset=\"https:\/\/sommamato.com\/wp-content\/uploads\/2025\/01\/unnamed-2025-01-28T122753.049-1024x683.jpg 1024w, https:\/\/sommamato.com\/wp-content\/uploads\/2025\/01\/unnamed-2025-01-28T122753.049-300x200.jpg 300w, https:\/\/sommamato.com\/wp-content\/uploads\/2025\/01\/unnamed-2025-01-28T122753.049-768x512.jpg 768w, https:\/\/sommamato.com\/wp-content\/uploads\/2025\/01\/unnamed-2025-01-28T122753.049.jpg 1401w\" sizes=\"auto, (max-width: 1024px) 100vw, 1024px\" \/><\/figure>\n<\/div>\n\n<div class=\"wp-block-image\">\n<figure class=\"aligncenter size-large is-resized\"><img loading=\"lazy\" decoding=\"async\" width=\"1024\" height=\"683\" src=\"https:\/\/sommamato.com\/wp-content\/uploads\/2025\/01\/unnamed-2025-01-28T122754.685-1024x683.jpg\" alt=\"\" class=\"wp-image-871\" style=\"width:332px;height:auto\" srcset=\"https:\/\/sommamato.com\/wp-content\/uploads\/2025\/01\/unnamed-2025-01-28T122754.685-1024x683.jpg 1024w, https:\/\/sommamato.com\/wp-content\/uploads\/2025\/01\/unnamed-2025-01-28T122754.685-300x200.jpg 300w, https:\/\/sommamato.com\/wp-content\/uploads\/2025\/01\/unnamed-2025-01-28T122754.685-768x512.jpg 768w, https:\/\/sommamato.com\/wp-content\/uploads\/2025\/01\/unnamed-2025-01-28T122754.685.jpg 1401w\" sizes=\"auto, (max-width: 1024px) 100vw, 1024px\" \/><\/figure>\n<\/div>\n\n<div class=\"wp-block-image\">\n<figure class=\"aligncenter size-large is-resized\"><img loading=\"lazy\" decoding=\"async\" width=\"1024\" height=\"683\" src=\"https:\/\/sommamato.com\/wp-content\/uploads\/2025\/01\/unnamed-2025-01-28T122757.068-1024x683.jpg\" alt=\"\" class=\"wp-image-872\" style=\"width:339px;height:auto\" srcset=\"https:\/\/sommamato.com\/wp-content\/uploads\/2025\/01\/unnamed-2025-01-28T122757.068-1024x683.jpg 1024w, https:\/\/sommamato.com\/wp-content\/uploads\/2025\/01\/unnamed-2025-01-28T122757.068-300x200.jpg 300w, https:\/\/sommamato.com\/wp-content\/uploads\/2025\/01\/unnamed-2025-01-28T122757.068-768x512.jpg 768w, https:\/\/sommamato.com\/wp-content\/uploads\/2025\/01\/unnamed-2025-01-28T122757.068.jpg 1359w\" sizes=\"auto, (max-width: 1024px) 100vw, 1024px\" \/><\/figure>\n<\/div>\n\n\n<h2 class=\"wp-block-heading\">&nbsp;<\/h2>\n\n\n\n<p><\/p>\n\n\n\n<p><\/p>\n\n\n\n<p><\/p>\n\n\n\n<p><\/p>\n\n\n\n<h2 class=\"wp-block-heading\">&nbsp;<\/h2>\n","protected":false},"excerpt":{"rendered":"<p>RUTA DEL AGUA DE ALTA MONTA\u00d1A DE ECO DE LOS ANDES.C\u00d3MO ES LA EXPERIENCIA QUE CELEBRA LA CONEXI\u00d3N ENTRE LA ALTA GASTRONOM\u00cdA Y LA PUREZA DEL AGUA DE ALTA MONTA\u00d1A&#8230;<\/p>\n","protected":false},"author":1,"featured_media":0,"comment_status":"open","ping_status":"open","sticky":false,"template":"","format":"standard","meta":{"footnotes":""},"categories":[173,251],"tags":[252,253],"class_list":["post-867","post","type-post","status-publish","format-standard","hentry","category-destacados","category-eco-de-los-andeds","tag-eco-de-los-andes","tag-gastronomia"],"_links":{"self":[{"href":"https:\/\/sommamato.com\/index.php?rest_route=\/wp\/v2\/posts\/867","targetHints":{"allow":["GET"]}}],"collection":[{"href":"https:\/\/sommamato.com\/index.php?rest_route=\/wp\/v2\/posts"}],"about":[{"href":"https:\/\/sommamato.com\/index.php?rest_route=\/wp\/v2\/types\/post"}],"author":[{"embeddable":true,"href":"https:\/\/sommamato.com\/index.php?rest_route=\/wp\/v2\/users\/1"}],"replies":[{"embeddable":true,"href":"https:\/\/sommamato.com\/index.php?rest_route=%2Fwp%2Fv2%2Fcomments&post=867"}],"version-history":[{"count":1,"href":"https:\/\/sommamato.com\/index.php?rest_route=\/wp\/v2\/posts\/867\/revisions"}],"predecessor-version":[{"id":873,"href":"https:\/\/sommamato.com\/index.php?rest_route=\/wp\/v2\/posts\/867\/revisions\/873"}],"wp:attachment":[{"href":"https:\/\/sommamato.com\/index.php?rest_route=%2Fwp%2Fv2%2Fmedia&parent=867"}],"wp:term":[{"taxonomy":"category","embeddable":true,"href":"https:\/\/sommamato.com\/index.php?rest_route=%2Fwp%2Fv2%2Fcategories&post=867"},{"taxonomy":"post_tag","embeddable":true,"href":"https:\/\/sommamato.com\/index.php?rest_route=%2Fwp%2Fv2%2Ftags&post=867"}],"curies":[{"name":"wp","href":"https:\/\/api.w.org\/{rel}","templated":true}]}}