{"id":921,"date":"2025-02-03T15:35:06","date_gmt":"2025-02-03T15:35:06","guid":{"rendered":"https:\/\/sommamato.com\/?p=921"},"modified":"2025-02-05T16:10:05","modified_gmt":"2025-02-05T16:10:05","slug":"bodega-malma-aldeas-de-terrunoun-nuevo-concepto-de-alojamiento-llega-a-la-patagonia","status":"publish","type":"post","link":"https:\/\/sommamato.com\/?p=921","title":{"rendered":"Bodega\u00a0Malma, aldeas de terru\u00f1o\u00a1Un nuevo concepto de alojamiento llega a la Patagonia!"},"content":{"rendered":"\n<p class=\"has-text-align-center\">El polo vitivin\u00edcola de San Patricio del Cha\u00f1ar contin\u00faa en expansi\u00f3n con el objetivo de seguir impulsando el enoturismo: hospedarse en mini casas m\u00f3viles entre vi\u00f1edos, combinando dise\u00f1o, sustentabilidad y eficiencia. Una experiencia que supera -por mucho- el hecho de visitar solo una bodega.<\/p>\n\n\n\n<p><strong>Bodega&nbsp;Malma<\/strong>&nbsp;naci\u00f3 con el proyecto vitivin\u00edcola en San Patricio del Cha\u00f1ar, una regi\u00f3n que se destaca por sus vinos de alta calidad y que tambi\u00e9n est\u00e1 apostando a que los visitantes puedan permanecer en la zona con un nuevo hospedaje de alta gama. Siguiendo la tendencia de sustentabilidad que se extiende a nivel mundial, la bodega sum\u00f3 mini casas m\u00f3viles Haiku, asociando un concepto minimalista que respeta el medioambiente y se enfoca en el detalle y en el confort: dise\u00f1o simple que satisface el gusto m\u00e1s exigente.<\/p>\n\n\n\n<figure class=\"wp-block-image size-large\"><img loading=\"lazy\" decoding=\"async\" width=\"1024\" height=\"683\" src=\"https:\/\/sommamato.com\/wp-content\/uploads\/2025\/02\/unnamed-2025-02-03T123024.776-1024x683.jpg\" alt=\"\" class=\"wp-image-922\" srcset=\"https:\/\/sommamato.com\/wp-content\/uploads\/2025\/02\/unnamed-2025-02-03T123024.776-1024x683.jpg 1024w, https:\/\/sommamato.com\/wp-content\/uploads\/2025\/02\/unnamed-2025-02-03T123024.776-300x200.jpg 300w, https:\/\/sommamato.com\/wp-content\/uploads\/2025\/02\/unnamed-2025-02-03T123024.776-768x512.jpg 768w, https:\/\/sommamato.com\/wp-content\/uploads\/2025\/02\/unnamed-2025-02-03T123024.776-1536x1024.jpg 1536w, https:\/\/sommamato.com\/wp-content\/uploads\/2025\/02\/unnamed-2025-02-03T123024.776-2048x1365.jpg 2048w\" sizes=\"auto, (max-width: 1024px) 100vw, 1024px\" \/><\/figure>\n\n\n\n<p>Enmarcadas por las 127 hect\u00e1reas de vi\u00f1edos, plantadas en su mayor\u00eda en 2001 y regadas por las aguas de deshielo del R\u00edo Neuqu\u00e9n, esta primera etapa del desarrollo supondr\u00e1 tres m\u00f3dulos que buscar\u00e1n satisfacer la demanda del turismo vitivin\u00edcola. \u201c<em>Hoy es algo muy demandado en la regi\u00f3n<\/em>\u201d, aclara Pedro Soraire, director de la bodega, que tambi\u00e9n cuenta con Casa&nbsp;Malma, a solo 1000 metros del edificio principal y del restaurant.<\/p>\n\n\n\n<p>Un espacio amplio y luminoso, inmerso en una ambientaci\u00f3n cl\u00e1sica y elegante, con dos dormitorios con ba\u00f1o privado, uno de ellos con sof\u00e1 cama y un hogar a le\u00f1a. Tiene una capacidad m\u00e1xima para cinco pasajeros y adem\u00e1s posee una sala de degustaci\u00f3n para 22 personas con vistas a una galer\u00eda y jard\u00edn, una cocina completa, parrilla y toilette. \u00bfUn plus? El desayuno, el almuerzo y la cena est\u00e1n cubiertos por personal del restaurante.<\/p>\n\n\n\n<figure class=\"wp-block-image size-large\"><img loading=\"lazy\" decoding=\"async\" width=\"1024\" height=\"683\" src=\"https:\/\/sommamato.com\/wp-content\/uploads\/2025\/02\/unnamed-2025-02-03T123021.328-1024x683.jpg\" alt=\"\" class=\"wp-image-923\" srcset=\"https:\/\/sommamato.com\/wp-content\/uploads\/2025\/02\/unnamed-2025-02-03T123021.328-1024x683.jpg 1024w, https:\/\/sommamato.com\/wp-content\/uploads\/2025\/02\/unnamed-2025-02-03T123021.328-300x200.jpg 300w, https:\/\/sommamato.com\/wp-content\/uploads\/2025\/02\/unnamed-2025-02-03T123021.328-768x512.jpg 768w, https:\/\/sommamato.com\/wp-content\/uploads\/2025\/02\/unnamed-2025-02-03T123021.328-1536x1024.jpg 1536w, https:\/\/sommamato.com\/wp-content\/uploads\/2025\/02\/unnamed-2025-02-03T123021.328-2048x1365.jpg 2048w\" sizes=\"auto, (max-width: 1024px) 100vw, 1024px\" \/><\/figure>\n\n\n\n<p>Sin dudas, se trata de un entorno ideal para los amantes del vino: pernoctar all\u00ed mientras se disfruta de la posibilidad de combinar paisajes incre\u00edbles y una gastronom\u00eda top con productos de estaci\u00f3n pensados para el maridaje con los mejores varietales -principalmente Pinot Noir, Malbec, Merlot, Cabernet Sauvignon, Sauvignon Blanc y Chardonnay-.&nbsp;<\/p>\n\n\n\n<p>Alojarse entre \u201cMalbec\u201d, \u201cPinot Noir\u201d y \u201cChardonnay\u201d<br>Las mini casas m\u00f3viles ofrecen opciones funcionales y de dise\u00f1o para despertar rodeado de confort y tecnolog\u00eda en medio de la naturaleza, con una peque\u00f1a huella ecol\u00f3gica. Los m\u00f3dulos A -Pinot Noir- y B -Malbec- son unidades que ofrecen una nueva e innovadora perspectiva de vivienda moderna, combinando eficiencia, sustentabilidad y atractivo est\u00e9tico con su construcci\u00f3n fuera de sitio y montaje r\u00e1pido.<\/p>\n\n\n\n<p>Mientras que el m\u00f3dulo H -Chardonnay- es una unidad de bajo impacto, transportable, prefabricada, de cero mantenimiento y de alta gama, buscando satisfacer la creciente demanda de ecoturismo. Est\u00e1 pensado para quienes les gusta viajar, pero no quieren quedarse en hoteles convencionales, exigiendo una arquitectura sostenible, sin perder confort y dise\u00f1o de calidad.<\/p>\n\n\n\n<p>Para no extra\u00f1ar la comodidad diaria y alimentar la visi\u00f3n rodeados de vi\u00f1edos, las unidades incluyen Smart TV, proyector port\u00e1til, anafe el\u00e9ctrico, horno empotrado, frigobar y cava, multisplits fr\u00edo\/calor, estufa hogar y la posibilidad de iluminaci\u00f3n inteligente y dom\u00f3tica.&nbsp;<\/p>\n\n\n\n<p>Un hospedaje atractivo, eficiente y sustentable en el coraz\u00f3n de los vi\u00f1edos patag\u00f3nicos.<\/p>\n\n\n\n<p><strong>Sobre Bodega&nbsp;Malma<\/strong><\/p>\n\n\n\n<p>En 1999, los Viola plantaron los primeros vi\u00f1edos, dando lugar a un espacio total de 5800 m\u00b2, conformados por las oficinas, el restaurant, la posada, la cava y el centro de visitas. El proyecto requiri\u00f3 el dise\u00f1o de un sistema de irrigaci\u00f3n de vanguardia que reencaus\u00f3 el agua de deshielo del r\u00edo Neuqu\u00e9n para el riego: para ello se construy\u00f3 un canal de 20 kil\u00f3metros de largo, con siete plantas de bombeo y centrales de filtrado en cada chacra, con mangueras de riego por goteo localizado, computarizado y automatizado que permite la administraci\u00f3n rigurosa de este preciado recurso.<\/p>\n\n\n\n<p>Los suelos patag\u00f3nicos son muy permeables y las ra\u00edces de las vides crecen en profundidad en busca de nutrientes y minerales. Los vientos y las brisas constantes mantienen los vi\u00f1edos sanos y contribuyen a la concentraci\u00f3n en la fruta, al color y a la estructura por generar una piel m\u00e1s gruesa en las uvas: las escasas precipitaciones y la baja humedad relativa colaboran con la sanidad de la fruta, mientras que la gran amplitud t\u00e9rmica entre el d\u00eda y la noche durante el periodo de maduraci\u00f3n favorece el equilibrio entre la acidez y el az\u00facar en las uvas.<\/p>\n\n\n\n<p><em>\u201cSeguimos en el camino de transformarnos en una bodega 100% sustentable y acompa\u00f1ar la fuerte tendencia internacional en materia de mitigaci\u00f3n del cambio clim\u00e1tico. Amamos a la Patagonia, lugar \u00fanico que elegimos para plantar nuestros vi\u00f1edos. Toda nuestra estrategia con relaci\u00f3n a la Bodega est\u00e1 pensada no s\u00f3lo desde el negocio sino tambi\u00e9n desde nuestro impacto en el entorno que habitamos\u201d<\/em>, deja en claro Ana Viola, CEO de&nbsp;<strong>Bodega&nbsp;Malma<\/strong>.<\/p>\n\n\n\n<p><a href=\"https:\/\/ggmasociados.tr.pemsv30.net\/c\/eyJhIjoiZ2dtYXNvY2lhZG9zIiwibSI6Im1haWxfY202amw3cmdmYnAwdjA4NjRsYnphMXh4bCIsImwiOiJsaW5rXzE2ODExMmQ4MWE4MjFhOGNiNDA5YzliYzY1NjVjOWRmNzgzNjNlYTNfNGM3MTk0IiwiaSI6W10sInUiOiJodHRwczovL3d3dy5ib2RlZ2FtYWxtYS5jb20vP3V0bV9zb3VyY2U9cGVyZml0JnV0bV9tZWRpdW09ZW1haWwmdXRtX2NhbXBhaWduPUJvZGVnYSUyME1hbG1hJTIwLSUyMEhhaWt1JTIwKHJlZW52JUMzJUFEbykiLCJjIjoiIiwiaCI6ImNkNGVmNSJ9\" rel=\"noreferrer noopener\" target=\"_blank\">www.bodegamalma.com<\/a>&nbsp;<br>FB | TW | IG @malmawines<br>Ruta 7. Picada 15. San Patricio del Cha\u00f1ar. Neuqu\u00e9n. Patagonia Argentina<\/p>\n","protected":false},"excerpt":{"rendered":"<p>El polo vitivin\u00edcola de San Patricio del Cha\u00f1ar contin\u00faa en expansi\u00f3n con el objetivo de seguir impulsando el enoturismo: hospedarse en mini casas m\u00f3viles entre vi\u00f1edos, combinando dise\u00f1o, sustentabilidad y&#8230;<\/p>\n","protected":false},"author":1,"featured_media":0,"comment_status":"open","ping_status":"open","sticky":false,"template":"","format":"standard","meta":{"footnotes":""},"categories":[255,173,69],"tags":[],"class_list":["post-921","post","type-post","status-publish","format-standard","hentry","category-bodega-malma","category-destacados","category-enoturismo"],"_links":{"self":[{"href":"https:\/\/sommamato.com\/index.php?rest_route=\/wp\/v2\/posts\/921","targetHints":{"allow":["GET"]}}],"collection":[{"href":"https:\/\/sommamato.com\/index.php?rest_route=\/wp\/v2\/posts"}],"about":[{"href":"https:\/\/sommamato.com\/index.php?rest_route=\/wp\/v2\/types\/post"}],"author":[{"embeddable":true,"href":"https:\/\/sommamato.com\/index.php?rest_route=\/wp\/v2\/users\/1"}],"replies":[{"embeddable":true,"href":"https:\/\/sommamato.com\/index.php?rest_route=%2Fwp%2Fv2%2Fcomments&post=921"}],"version-history":[{"count":1,"href":"https:\/\/sommamato.com\/index.php?rest_route=\/wp\/v2\/posts\/921\/revisions"}],"predecessor-version":[{"id":924,"href":"https:\/\/sommamato.com\/index.php?rest_route=\/wp\/v2\/posts\/921\/revisions\/924"}],"wp:attachment":[{"href":"https:\/\/sommamato.com\/index.php?rest_route=%2Fwp%2Fv2%2Fmedia&parent=921"}],"wp:term":[{"taxonomy":"category","embeddable":true,"href":"https:\/\/sommamato.com\/index.php?rest_route=%2Fwp%2Fv2%2Fcategories&post=921"},{"taxonomy":"post_tag","embeddable":true,"href":"https:\/\/sommamato.com\/index.php?rest_route=%2Fwp%2Fv2%2Ftags&post=921"}],"curies":[{"name":"wp","href":"https:\/\/api.w.org\/{rel}","templated":true}]}}